{"id":9657,"date":"2024-12-11T22:38:04","date_gmt":"2024-12-11T22:38:04","guid":{"rendered":"https:\/\/observatorios.colef.mx\/osymm\/?p=9657"},"modified":"2025-03-19T16:19:35","modified_gmt":"2025-03-19T23:19:35","slug":"migrants-on-the-move-and-food-insecurity-a-call-for-research","status":"publish","type":"post","link":"https:\/\/observatorios.colef.mx\/osymm\/migrants-on-the-move-and-food-insecurity-a-call-for-research\/","title":{"rendered":"Migrants on the Move and Food (In)security: A Call for Researchpersonas-en-transito"},"content":{"rendered":"\t\t<div data-elementor-type=\"wp-post\" data-elementor-id=\"9657\" class=\"elementor elementor-9657\" data-elementor-post-type=\"post\">\n\t\t\t\t<div class=\"elementor-element elementor-element-6010c3f9 e-flex e-con-boxed e-con e-parent\" data-id=\"6010c3f9\" data-element_type=\"container\">\n\t\t\t\t\t<div class=\"e-con-inner\">\n\t\t\t\t<div class=\"elementor-element elementor-element-7706d9c1 elementor-widget elementor-widget-text-editor\" data-id=\"7706d9c1\" data-element_type=\"widget\" data-widget_type=\"text-editor.default\">\n\t\t\t\t<div class=\"elementor-widget-container\">\n\t\t\t\t\t\t\t\t\t<p>En este art\u00edculo, se presenta un estado del conocimiento acerca de la inseguridad alimentaria en personas migrantes en tr\u00e1nsito, las dificultades metodol\u00f3gicas para el abordaje de este tema, y la importancia de profundizar en la investigaci\u00f3n en esta \u00e1rea<\/p><p>\u00a0<\/p><p>DOI: 10.1007\/s10903-021-01276-7<\/p><p><strong><a href=\"https:\/\/pubmed.ncbi.nlm.nih.gov\/34542776\/\">Ir al documento<\/a><\/strong><\/p>\t\t\t\t\t\t\t\t<\/div>\n\t\t\t\t<\/div>\n\t\t\t\t\t<\/div>\n\t\t\t\t<\/div>\n\t\t\t\t<\/div>\n\t\t","protected":false},"excerpt":{"rendered":"<p>En este art\u00edculo, se presenta un estado del conocimiento acerca de la inseguridad alimentaria en personas migrantes en tr\u00e1nsito, las dificultades metodol\u00f3gicas para el abordaje de este tema, y la importancia de profundizar en la investigaci\u00f3n en esta \u00e1rea \u00a0 DOI: 10.1007\/s10903-021-01276-7 Ir al documento<\/p>\n","protected":false},"author":2,"featured_media":0,"comment_status":"closed","ping_status":"open","sticky":false,"template":"","format":"standard","meta":{"footnotes":""},"categories":[67],"tags":[105],"class_list":["post-9657","post","type-post","status-publish","format-standard","hentry","category-articulos-cientificos","tag-personas-en-transito"],"_links":{"self":[{"href":"https:\/\/observatorios.colef.mx\/osymm\/wp-json\/wp\/v2\/posts\/9657","targetHints":{"allow":["GET"]}}],"collection":[{"href":"https:\/\/observatorios.colef.mx\/osymm\/wp-json\/wp\/v2\/posts"}],"about":[{"href":"https:\/\/observatorios.colef.mx\/osymm\/wp-json\/wp\/v2\/types\/post"}],"author":[{"embeddable":true,"href":"https:\/\/observatorios.colef.mx\/osymm\/wp-json\/wp\/v2\/users\/2"}],"replies":[{"embeddable":true,"href":"https:\/\/observatorios.colef.mx\/osymm\/wp-json\/wp\/v2\/comments?post=9657"}],"version-history":[{"count":9,"href":"https:\/\/observatorios.colef.mx\/osymm\/wp-json\/wp\/v2\/posts\/9657\/revisions"}],"predecessor-version":[{"id":10653,"href":"https:\/\/observatorios.colef.mx\/osymm\/wp-json\/wp\/v2\/posts\/9657\/revisions\/10653"}],"wp:attachment":[{"href":"https:\/\/observatorios.colef.mx\/osymm\/wp-json\/wp\/v2\/media?parent=9657"}],"wp:term":[{"taxonomy":"category","embeddable":true,"href":"https:\/\/observatorios.colef.mx\/osymm\/wp-json\/wp\/v2\/categories?post=9657"},{"taxonomy":"post_tag","embeddable":true,"href":"https:\/\/observatorios.colef.mx\/osymm\/wp-json\/wp\/v2\/tags?post=9657"}],"curies":[{"name":"wp","href":"https:\/\/api.w.org\/{rel}","templated":true}]}}