{"id":11931,"date":"2026-04-24T12:11:47","date_gmt":"2026-04-24T19:11:47","guid":{"rendered":"https:\/\/observatorios.colef.mx\/osymm\/?p=11931"},"modified":"2026-04-24T12:11:47","modified_gmt":"2026-04-24T19:11:47","slug":"convocatoria-carteles-sobre-migracion-y-salud-en-america-latina-y-el-caribe","status":"publish","type":"post","link":"https:\/\/observatorios.colef.mx\/osymm\/convocatoria-carteles-sobre-migracion-y-salud-en-america-latina-y-el-caribe\/","title":{"rendered":"Convocatoria: Carteles sobre Migraci\u00f3n y Salud en Am\u00e9rica Latina y el Caribe"},"content":{"rendered":"<p>En el marco de la Conferencia Internacional Di\u00e1logos en Migraci\u00f3n y Salud, el Nodo Latinoam\u00e9rica y el Caribe de la Comisi\u00f3n Lancet de Migraci\u00f3n y Salud, la<br \/>\nc\u00e1tedra Sergio Vieira de Mello de la Universidad Iberoamericana Tijuana y El Colegio de la Frontera Norte, con apoyo de la ACNUR, convocan a estudiantes<br \/>\nde licenciatura y posgrado al env\u00edo de propuestas de carteles para presentaci\u00f3n durante el encuentro.<\/p>\n<p>Enlace aqu\u00ed: <a href=\"https:\/\/docs.google.com\/document\/d\/125iZ5p-RGzx8EeA938KAU9hgeramxxowpUowOhbfWAE\/edit?usp=sharing\">https:\/\/docs.google.com\/document\/d\/125iZ5p-RGzx8EeA938KAU9hgeramxxowpUowOhbfWAE\/edit?usp=sharing<\/a><\/p>\n","protected":false},"excerpt":{"rendered":"<p>En el marco de la Conferencia Internacional Di\u00e1logos en Migraci\u00f3n y Salud, el Nodo Latinoam\u00e9rica y el Caribe de la Comisi\u00f3n Lancet de Migraci\u00f3n y Salud, la c\u00e1tedra Sergio Vieira de Mello de la Universidad Iberoamericana Tijuana y El Colegio de la Frontera Norte, con apoyo de la ACNUR, convocan a estudiantes de licenciatura y [&hellip;]<\/p>\n","protected":false},"author":14,"featured_media":11929,"comment_status":"closed","ping_status":"closed","sticky":false,"template":"","format":"standard","meta":{"footnotes":""},"categories":[82],"tags":[],"class_list":["post-11931","post","type-post","status-publish","format-standard","has-post-thumbnail","hentry","category-novedades"],"_links":{"self":[{"href":"https:\/\/observatorios.colef.mx\/osymm\/wp-json\/wp\/v2\/posts\/11931","targetHints":{"allow":["GET"]}}],"collection":[{"href":"https:\/\/observatorios.colef.mx\/osymm\/wp-json\/wp\/v2\/posts"}],"about":[{"href":"https:\/\/observatorios.colef.mx\/osymm\/wp-json\/wp\/v2\/types\/post"}],"author":[{"embeddable":true,"href":"https:\/\/observatorios.colef.mx\/osymm\/wp-json\/wp\/v2\/users\/14"}],"replies":[{"embeddable":true,"href":"https:\/\/observatorios.colef.mx\/osymm\/wp-json\/wp\/v2\/comments?post=11931"}],"version-history":[{"count":1,"href":"https:\/\/observatorios.colef.mx\/osymm\/wp-json\/wp\/v2\/posts\/11931\/revisions"}],"predecessor-version":[{"id":11932,"href":"https:\/\/observatorios.colef.mx\/osymm\/wp-json\/wp\/v2\/posts\/11931\/revisions\/11932"}],"wp:featuredmedia":[{"embeddable":true,"href":"https:\/\/observatorios.colef.mx\/osymm\/wp-json\/wp\/v2\/media\/11929"}],"wp:attachment":[{"href":"https:\/\/observatorios.colef.mx\/osymm\/wp-json\/wp\/v2\/media?parent=11931"}],"wp:term":[{"taxonomy":"category","embeddable":true,"href":"https:\/\/observatorios.colef.mx\/osymm\/wp-json\/wp\/v2\/categories?post=11931"},{"taxonomy":"post_tag","embeddable":true,"href":"https:\/\/observatorios.colef.mx\/osymm\/wp-json\/wp\/v2\/tags?post=11931"}],"curies":[{"name":"wp","href":"https:\/\/api.w.org\/{rel}","templated":true}]}}