{"id":11926,"date":"2026-04-24T11:19:10","date_gmt":"2026-04-24T18:19:10","guid":{"rendered":"https:\/\/observatorios.colef.mx\/osymm\/?p=11926"},"modified":"2026-04-24T11:35:20","modified_gmt":"2026-04-24T18:35:20","slug":"concurso-de-fotografia-migrar-la-mirada-migracion-y-salud","status":"publish","type":"post","link":"https:\/\/observatorios.colef.mx\/osymm\/concurso-de-fotografia-migrar-la-mirada-migracion-y-salud\/","title":{"rendered":"Concurso de Fotograf\u00eda \u00abMigrar la Mirada: Migraci\u00f3n y Salud\u00bb."},"content":{"rendered":"<p>En el marco del D\u00eda Mundial de las Personas Refugiadas y de la Conferencia Internacional Di\u00e1logos en Migraci\u00f3n y Salud, la C\u00e1tedra Sergio Vieira de Mello de la Universidad Iberoamericana Tijuana, el Nodo Latinoam\u00e9rica y el Caribe de la Comisi\u00f3n Lancet de Migraci\u00f3n y Salud, y El Colegio de la Frontera Norte, en colaboraci\u00f3n con el Alto Comisionado de las Naciones Unidas para los Refugiados (ACNUR), convocan al Concurso de Fotograf\u00eda \u201cMigrar la Mirada: Migraci\u00f3n y Salud\u201d.<\/p>\n<p>Enlace aqu\u00ed: <a href=\"https:\/\/docs.google.com\/document\/d\/1cfmjP2xroTcEOR9LyKZpAf78CZdo9KZc2zA8Bb3zHRU\/edit?usp=sharing\">https:\/\/docs.google.com\/document\/d\/1cfmjP2xroTcEOR9LyKZpAf78CZdo9KZc2zA8Bb3zHRU\/edit?usp=sharing<\/a><\/p>\n","protected":false},"excerpt":{"rendered":"<p>En el marco del D\u00eda Mundial de las Personas Refugiadas y de la Conferencia Internacional Di\u00e1logos en Migraci\u00f3n y Salud, la C\u00e1tedra Sergio Vieira de Mello de la Universidad Iberoamericana Tijuana, el Nodo Latinoam\u00e9rica y el Caribe de la Comisi\u00f3n Lancet de Migraci\u00f3n y Salud, y El Colegio de la Frontera Norte, en colaboraci\u00f3n con [&hellip;]<\/p>\n","protected":false},"author":14,"featured_media":11929,"comment_status":"closed","ping_status":"closed","sticky":false,"template":"","format":"standard","meta":{"footnotes":""},"categories":[82],"tags":[],"class_list":["post-11926","post","type-post","status-publish","format-standard","has-post-thumbnail","hentry","category-novedades"],"_links":{"self":[{"href":"https:\/\/observatorios.colef.mx\/osymm\/wp-json\/wp\/v2\/posts\/11926","targetHints":{"allow":["GET"]}}],"collection":[{"href":"https:\/\/observatorios.colef.mx\/osymm\/wp-json\/wp\/v2\/posts"}],"about":[{"href":"https:\/\/observatorios.colef.mx\/osymm\/wp-json\/wp\/v2\/types\/post"}],"author":[{"embeddable":true,"href":"https:\/\/observatorios.colef.mx\/osymm\/wp-json\/wp\/v2\/users\/14"}],"replies":[{"embeddable":true,"href":"https:\/\/observatorios.colef.mx\/osymm\/wp-json\/wp\/v2\/comments?post=11926"}],"version-history":[{"count":1,"href":"https:\/\/observatorios.colef.mx\/osymm\/wp-json\/wp\/v2\/posts\/11926\/revisions"}],"predecessor-version":[{"id":11928,"href":"https:\/\/observatorios.colef.mx\/osymm\/wp-json\/wp\/v2\/posts\/11926\/revisions\/11928"}],"wp:featuredmedia":[{"embeddable":true,"href":"https:\/\/observatorios.colef.mx\/osymm\/wp-json\/wp\/v2\/media\/11929"}],"wp:attachment":[{"href":"https:\/\/observatorios.colef.mx\/osymm\/wp-json\/wp\/v2\/media?parent=11926"}],"wp:term":[{"taxonomy":"category","embeddable":true,"href":"https:\/\/observatorios.colef.mx\/osymm\/wp-json\/wp\/v2\/categories?post=11926"},{"taxonomy":"post_tag","embeddable":true,"href":"https:\/\/observatorios.colef.mx\/osymm\/wp-json\/wp\/v2\/tags?post=11926"}],"curies":[{"name":"wp","href":"https:\/\/api.w.org\/{rel}","templated":true}]}}