{"id":10935,"date":"2025-05-13T11:41:10","date_gmt":"2025-05-13T18:41:10","guid":{"rendered":"https:\/\/observatorios.colef.mx\/osymm\/?p=10935"},"modified":"2025-12-05T15:32:41","modified_gmt":"2025-12-05T22:32:41","slug":"mujeres-adolescentes-en-crisis-la-vida-en-contextos-de-movilidad-en-la-region-de-centroamerica-y-mexico","status":"publish","type":"post","link":"https:\/\/observatorios.colef.mx\/osymm\/mujeres-adolescentes-en-crisis-la-vida-en-contextos-de-movilidad-en-la-region-de-centroamerica-y-mexico\/","title":{"rendered":"MUJERES  ADOLESCENTES  EN CRISIS:  LA VIDA EN CONTEXTOS DE MOVILIDAD EN  LA REGI\u00d3N DE CENTROAM\u00c9RICA Y M\u00c9XICO"},"content":{"rendered":"<p>El informe analiza el impacto de la movilidad forzada y la violencia en la educaci\u00f3n de adolescentes en el Tri\u00e1ngulo Norte de Centroam\u00e9rica y M\u00e9xico, bas\u00e1ndose en metodolog\u00edas cualitativas y cuantitativas. La regi\u00f3n enfrenta pobreza, desigualdad y violencia, especialmente contra mujeres adolescentes, quienes sufren violencia sexual, f\u00edsica y de g\u00e9nero, tanto en sus hogares como en espacios p\u00fablicos. Esta violencia, junto con desastres naturales y falta de oportunidades, impulsa la migraci\u00f3n como \u00fanica alternativa para un futuro mejor.<\/p>\n<p>Durante el tr\u00e1nsito migratorio, los riesgos aumentan, especialmente en zonas como la selva del Dari\u00e9n, donde las adolescentes enfrentan violencia sexual y trata, adoptando estrategias de protecci\u00f3n. Sus derechos sexuales y reproductivos tambi\u00e9n se ven afectados, agravando su vulnerabilidad. Aunque valoran la educaci\u00f3n, obst\u00e1culos como pobreza, falta de documentaci\u00f3n y priorizaci\u00f3n del trabajo limitan su acceso. En el retorno, la reinserci\u00f3n escolar es dif\u00edcil por barreras burocr\u00e1ticas y la necesidad de generar ingresos.<\/p>\n<p>El informe concluye que la violencia y la desigualdad obligan a las adolescentes a migrar, interrumpiendo su educaci\u00f3n. Recomienda enfoques educativos inclusivos, mecanismos de protecci\u00f3n ampliados y pol\u00edticas p\u00fablicas que faciliten su reinserci\u00f3n y cohesi\u00f3n social.<\/p>\n<p>&nbsp;<\/p>\n<p><a href=\"https:\/\/plan-international.es\/files_informes\/informe_mujeres_crisis.pdf\" target=\"_blank\" rel=\"noopener\">Ir al documento.<\/a><\/p>\n","protected":false},"excerpt":{"rendered":"<p>El informe analiza el impacto de la movilidad forzada y la violencia en la educaci\u00f3n de adolescentes en el Tri\u00e1ngulo Norte de Centroam\u00e9rica y M\u00e9xico, bas\u00e1ndose en metodolog\u00edas cualitativas y cuantitativas. La regi\u00f3n enfrenta pobreza, desigualdad y violencia, especialmente contra mujeres adolescentes, quienes sufren violencia sexual, f\u00edsica y de g\u00e9nero, tanto en sus hogares como [&hellip;]<\/p>\n","protected":false},"author":14,"featured_media":0,"comment_status":"closed","ping_status":"closed","sticky":false,"template":"","format":"standard","meta":{"footnotes":""},"categories":[68],"tags":[111],"class_list":["post-10935","post","type-post","status-publish","format-standard","hentry","category-literatura-gris","tag-ssr2"],"_links":{"self":[{"href":"https:\/\/observatorios.colef.mx\/osymm\/wp-json\/wp\/v2\/posts\/10935","targetHints":{"allow":["GET"]}}],"collection":[{"href":"https:\/\/observatorios.colef.mx\/osymm\/wp-json\/wp\/v2\/posts"}],"about":[{"href":"https:\/\/observatorios.colef.mx\/osymm\/wp-json\/wp\/v2\/types\/post"}],"author":[{"embeddable":true,"href":"https:\/\/observatorios.colef.mx\/osymm\/wp-json\/wp\/v2\/users\/14"}],"replies":[{"embeddable":true,"href":"https:\/\/observatorios.colef.mx\/osymm\/wp-json\/wp\/v2\/comments?post=10935"}],"version-history":[{"count":2,"href":"https:\/\/observatorios.colef.mx\/osymm\/wp-json\/wp\/v2\/posts\/10935\/revisions"}],"predecessor-version":[{"id":11454,"href":"https:\/\/observatorios.colef.mx\/osymm\/wp-json\/wp\/v2\/posts\/10935\/revisions\/11454"}],"wp:attachment":[{"href":"https:\/\/observatorios.colef.mx\/osymm\/wp-json\/wp\/v2\/media?parent=10935"}],"wp:term":[{"taxonomy":"category","embeddable":true,"href":"https:\/\/observatorios.colef.mx\/osymm\/wp-json\/wp\/v2\/categories?post=10935"},{"taxonomy":"post_tag","embeddable":true,"href":"https:\/\/observatorios.colef.mx\/osymm\/wp-json\/wp\/v2\/tags?post=10935"}],"curies":[{"name":"wp","href":"https:\/\/api.w.org\/{rel}","templated":true}]}}