{"id":10822,"date":"2025-05-06T08:46:09","date_gmt":"2025-05-06T15:46:09","guid":{"rendered":"https:\/\/observatorios.colef.mx\/osymm\/?p=10822"},"modified":"2025-11-13T13:29:50","modified_gmt":"2025-11-13T20:29:50","slug":"blog-del-observatorio-deportacion-de-personas-migrantes-mexicanas-y-salud","status":"publish","type":"post","link":"https:\/\/observatorios.colef.mx\/osymm\/blog-del-observatorio-deportacion-de-personas-migrantes-mexicanas-y-salud\/","title":{"rendered":"BLOG DEL OBSERVATORIO: Deportaci\u00f3n de personas migrantes mexicanas y salud"},"content":{"rendered":"\t\t<div data-elementor-type=\"wp-post\" data-elementor-id=\"10822\" class=\"elementor elementor-10822\" data-elementor-post-type=\"post\">\n\t\t\t\t<div class=\"elementor-element elementor-element-45028c11 e-flex e-con-boxed e-con e-parent\" data-id=\"45028c11\" data-element_type=\"container\">\n\t\t\t\t\t<div class=\"e-con-inner\">\n\t\t\t\t<div class=\"elementor-element elementor-element-5654869 elementor-widget__width-initial elementor-widget elementor-widget-text-editor\" data-id=\"5654869\" data-element_type=\"widget\" data-widget_type=\"text-editor.default\">\n\t\t\t\t<div class=\"elementor-widget-container\">\n\t\t\t\t\t\t\t\t\t<h5><strong><span style=\"color: #164194;\"><em>En el OSyMM sabemos la importancia de no invisibilizar a ning\u00fan grupo de poblaci\u00f3n en movilidad en M\u00e9xico. En esta ocasi\u00f3n, en respuesta a la coyuntura actual, nos enfocamos en la situaci\u00f3n de salud de las personas mexicanas devueltas desde Estados Unidos. En el Blog del Observatorio presentamos una nota de la Dra. Gudelia Rangel, el Mtro. Leonardo Olivares y la Lic. Ang\u00e9lica Lira, sobre la problem\u00e1tica de esta poblaci\u00f3n y el trabajo de la Comisi\u00f3n de Salud Fronteriza para apoyar a las personas repatriadas. En otras secciones del OSyMM, presentamos datos epidemiol\u00f3gicos sobre esta poblaci\u00f3n y rese\u00f1as de art\u00edculos sobre el tema.<\/em><\/span><\/strong><\/h5><p style=\"text-align: right;\">Dra. Gudelia Rangel G\u00f3mez, El Colegio de la Frontera Norte<\/p><p style=\"text-align: right;\">Mtro. Leonardo Olivares, Secci\u00f3n Mexicana de la Comisi\u00f3n de Salud Fronteriza M\u00e9xico-Estados Unidos<\/p><p style=\"text-align: right;\">Lic. Ang\u00e9lica Lira, Secci\u00f3n Mexicana de la Comisi\u00f3n de Salud Fronteriza M\u00e9xico-Estados Unidos<\/p><p>Las pol\u00edticas migratorias en Estados Unidos (EE.UU) tienen un enfoque de seguridad y control fronterizo. Durante la primera administraci\u00f3n de Donald Trump, se implementaron medidas como la construcci\u00f3n del muro fronterizo, los Protocolos de Protecci\u00f3n a Migrantes (MPP, tambi\u00e9n conocidos como \u00abQu\u00e9date en M\u00e9xico\u00bb), la separaci\u00f3n de familias y la intenci\u00f3n de cerrar el programa DACA. En su segunda administraci\u00f3n, Trump est\u00e1 consolidando una narrativa en la que presenta al migrante como un enemigo de la sociedad estadounidense, promoviendo deportaciones masivas y la militarizaci\u00f3n de la frontera.<\/p><p><b>Grupos en Riesgo de Deportaci\u00f3n<\/b><\/p><p>Existen distintos grupos en riesgo de deportaci\u00f3n, principalmente migrantes originarios de M\u00e9xico, Centroam\u00e9rica, El Caribe, Sudam\u00e9rica, China e India. Entre los perfiles m\u00e1s vulnerables destacan aquellos con antecedentes criminales, de los cuales 276,000 son mexicanos. Otro grupo lo conforman los migrantes con una orden final de deportaci\u00f3n, aproximadamente 1.5 millones, incluyendo 265,542 mexicanos. Finalmente, se encuentran los beneficiarios del Estatus de Protecci\u00f3n Temporal (TPS). La administraci\u00f3n actual de EE.UU anunci\u00f3 la terminaci\u00f3n de este programa, lo que pondr\u00eda en riesgo de deportaci\u00f3n a 531,600 migrantes de Cuba, Hait\u00ed, Nicaragua y Venezuela (Citizenship and Immigration Services, 2024).<\/p><p><b>Dificultades para una Deportaci\u00f3n Masiva<\/b><\/p><p>Aunque en los EE.UU se han prometido deportaciones masivas, la viabilidad de esta medida enfrenta importantes desaf\u00edos ya que se estima que se requiere un presupuesto de 88 mil millones de d\u00f3lares para ello. Adem\u00e1s, el sistema judicial estadounidense enfrenta un retraso de m\u00e1s de 300,000 casos de migrantes en proceso, lo que complicar\u00eda a\u00fan m\u00e1s la ejecuci\u00f3n de deportaciones.\u00a0 Asimismo, muchas jurisdicciones estatales han expresado su oposici\u00f3n a colaborar en operativos migratorios de esta naturaleza.<\/p><p><b>Respuesta del Gobierno Mexicano<\/b><\/p><p>Ante la posible expulsi\u00f3n masiva de mexicanos desde EE.UU., el Gobierno de M\u00e9xico ha anunciado el programa \u201cM\u00e9xico te Abraza\u201d, el cual busca atender a los migrantes mexicanos repatriados. Sin embargo, M\u00e9xico enfrenta desaf\u00edos significativos, como la ausencia de una pol\u00edtica integral de retorno y la falta de mecanismos claros para la integraci\u00f3n social y laboral delas personas repatriadas. El programa busca facilitar la documentaci\u00f3n de identidad de personas mexicanas repatriadas, brindar apoyo en su reintegraci\u00f3n laboral, acceso a vivienda, servicios de salud y educaci\u00f3n. Adem\u00e1s, se ha planteado la necesidad de revisar la Ley de Migraci\u00f3n para otorgar certeza jur\u00eddica a extranjeros en M\u00e9xico y establecer programas que favorezcan su integraci\u00f3n laboral.<\/p><p><\/p><\/div><\/div><\/div><\/div><\/div> <a href=\"https:\/\/observatorios.colef.mx\/osymm\/blog-del-observatorio-deportacion-de-personas-migrantes-mexicanas-y-salud\/#more-10822\" class=\"more-link elementor-more-link\"><span aria-label=\"Sigue leyendo BLOG DEL OBSERVATORIO: Deportaci\u00f3n de personas migrantes mexicanas y salud\">(m\u00e1s&hellip;)<\/span><\/a>","protected":false},"excerpt":{"rendered":"<p>En el OSyMM sabemos la importancia de no invisibilizar a ning\u00fan grupo de poblaci\u00f3n en movilidad en M\u00e9xico. En esta ocasi\u00f3n, en respuesta a la coyuntura actual, nos enfocamos en la situaci\u00f3n de salud de las personas mexicanas devueltas desde Estados Unidos. En el Blog del Observatorio presentamos una nota de la Dra. Gudelia Rangel, [&hellip;]<\/p>\n","protected":false},"author":14,"featured_media":0,"comment_status":"closed","ping_status":"closed","sticky":false,"template":"","format":"standard","meta":{"footnotes":""},"categories":[103],"tags":[],"class_list":["post-10822","post","type-post","status-publish","format-standard","hentry","category-blog"],"_links":{"self":[{"href":"https:\/\/observatorios.colef.mx\/osymm\/wp-json\/wp\/v2\/posts\/10822","targetHints":{"allow":["GET"]}}],"collection":[{"href":"https:\/\/observatorios.colef.mx\/osymm\/wp-json\/wp\/v2\/posts"}],"about":[{"href":"https:\/\/observatorios.colef.mx\/osymm\/wp-json\/wp\/v2\/types\/post"}],"author":[{"embeddable":true,"href":"https:\/\/observatorios.colef.mx\/osymm\/wp-json\/wp\/v2\/users\/14"}],"replies":[{"embeddable":true,"href":"https:\/\/observatorios.colef.mx\/osymm\/wp-json\/wp\/v2\/comments?post=10822"}],"version-history":[{"count":9,"href":"https:\/\/observatorios.colef.mx\/osymm\/wp-json\/wp\/v2\/posts\/10822\/revisions"}],"predecessor-version":[{"id":11295,"href":"https:\/\/observatorios.colef.mx\/osymm\/wp-json\/wp\/v2\/posts\/10822\/revisions\/11295"}],"wp:attachment":[{"href":"https:\/\/observatorios.colef.mx\/osymm\/wp-json\/wp\/v2\/media?parent=10822"}],"wp:term":[{"taxonomy":"category","embeddable":true,"href":"https:\/\/observatorios.colef.mx\/osymm\/wp-json\/wp\/v2\/categories?post=10822"},{"taxonomy":"post_tag","embeddable":true,"href":"https:\/\/observatorios.colef.mx\/osymm\/wp-json\/wp\/v2\/tags?post=10822"}],"curies":[{"name":"wp","href":"https:\/\/api.w.org\/{rel}","templated":true}]}}