{"id":49410,"date":"2026-09-01T16:10:28","date_gmt":"2026-09-01T23:10:28","guid":{"rendered":"https:\/\/observatorios.colef.mx\/opomidh\/?p=49410"},"modified":"2026-09-01T16:55:54","modified_gmt":"2026-09-01T23:55:54","slug":"sintesis-semanal-politica-migratoria-y-ddhh-26-de-agosto-al-01-de-septiembre","status":"publish","type":"post","link":"https:\/\/observatorios.colef.mx\/opomidh\/2026\/09\/01\/sintesis-semanal-politica-migratoria-y-ddhh-26-de-agosto-al-01-de-septiembre\/","title":{"rendered":"S\u00edntesis Semanal: pol\u00edtica migratoria y DDHH (26 de agosto al 01 de septiembre)"},"content":{"rendered":"\t\t<div data-elementor-type=\"wp-post\" data-elementor-id=\"49410\" class=\"elementor elementor-49410\" data-elementor-post-type=\"post\">\n\t\t\t\t<div class=\"elementor-element elementor-element-6e4c961 e-flex e-con-boxed e-con e-parent\" data-id=\"6e4c961\" data-element_type=\"container\">\n\t\t\t\t\t<div class=\"e-con-inner\">\n\t\t\t\t<div class=\"elementor-element elementor-element-57c640e elementor-widget elementor-widget-heading\" data-id=\"57c640e\" data-element_type=\"widget\" data-widget_type=\"heading.default\">\n\t\t\t\t<div class=\"elementor-widget-container\">\n\t\t\t<h3 class=\"elementor-heading-title elementor-size-default\">cronolog\u00eda: pol\u00edtica migratoria <br>de ee.uu. Y SUs efectos EN LA REGI\u00d3N <\/h3>\t\t<\/div>\n\t\t\t\t<\/div>\n\t\t\t\t<div class=\"elementor-element elementor-element-d785c93 elementor-widget elementor-widget-shortcode\" data-id=\"d785c93\" data-element_type=\"widget\" data-widget_type=\"shortcode.default\">\n\t\t\t\t<div class=\"elementor-widget-container\">\n\t\t\t\t\t<div class=\"elementor-shortcode\"><iframe \n    src=\"https:\/\/cdn.knightlab.com\/libs\/timeline3\/latest\/embed\/index.html?source=v2%3A2PACX-1vTWsyGMraAP75stkjnEOXIb9BfCcqEhXXmxeJcoymFgNKW-Owp6qfjgyaUCK_pC2Ge1UEMBdHC0Amlb&font=Default&lang=en&initial_zoom=2&width=100%&height=650\" \n    width=\"100%\" \n    height=\"650\"\n    frameborder=\"0\"\n    allowfullscreen\n    webkitallowfullscreen\n    mozallowfullscreen>\n<\/iframe><\/div>\n\t\t\t\t<\/div>\n\t\t\t\t<\/div>\n\t\t\t\t<div class=\"elementor-element elementor-element-070a64e elementor-widget elementor-widget-heading\" data-id=\"070a64e\" data-element_type=\"widget\" data-widget_type=\"heading.default\">\n\t\t\t\t<div class=\"elementor-widget-container\">\n\t\t\t<h3 class=\"elementor-heading-title elementor-size-default\">S\u00cdNTESIS SEMANAL del 26 DE AGOSTO AL 1 de SEPTIEMBRE<\/h3>\t\t<\/div>\n\t\t\t\t<\/div>\n\t\t\t\t<div class=\"elementor-element elementor-element-22e19f14 elementor-widget elementor-widget-text-editor\" data-id=\"22e19f14\" data-element_type=\"widget\" data-widget_type=\"text-editor.default\">\n\t\t\t\t<div class=\"elementor-widget-container\">\n\t\t\t\t\t\t\t<div class=\"qodef-e-text\"><h4>PANORAMA MIGRATORIO<\/h4><div class=\"elementor elementor-9171\" data-elementor-type=\"wp-post\" data-elementor-id=\"9171\" data-elementor-post-type=\"post\"><div class=\"elementor-element elementor-element-4963959d e-flex e-con-boxed e-con e-parent e-lazyloaded\" data-id=\"4963959d\" data-element_type=\"container\"><div class=\"e-con-inner\"><div class=\"elementor-element elementor-element-3b07f09e elementor-widget elementor-widget-text-editor\" data-id=\"3b07f09e\" data-element_type=\"widget\" data-widget_type=\"text-editor.default\"><div class=\"elementor-widget-container\">Por el OPOMIDH<\/div><div class=\"elementor-widget-container\">1 de septiembre de 2026<\/div><\/div><\/div><\/div><\/div><\/div><div class=\"qodef-e-bottom-holder\"><div class=\"qodef-shortcode qodef-m qodef-social-share clear qodef-layout--dropdown qodef-dropdown--right\"><p data-start=\"0\" data-end=\"881\"><strong data-start=\"0\" data-end=\"25\">Migraci\u00f3n en tr\u00e1nsito<\/strong><\/p><p data-start=\"0\" data-end=\"881\">Durante la semana, este flujo mostr\u00f3: por un lado, el fortalecimiento de los controles y la persecuci\u00f3n de redes de tr\u00e1fico de personas; por otro, la persistencia de caravanas y desplazamientos colectivos como estrategia para avanzar desde el sur de M\u00e9xico. La detenci\u00f3n de una presunta operadora de una red hacia Estados Unidos evidencia la respuesta de seguridad frente al tr\u00e1fico de migrantes, mientras la caravana \u201cSue\u00f1os sin fronteras\u201d refleja las dificultades para salir de Chiapas. A ello se suman mayores requisitos documentales para el ingreso regular.<\/p><p data-start=\"883\" data-end=\"1765\"><strong data-start=\"883\" data-end=\"898\">Inmigraci\u00f3n<\/strong><\/p><p data-start=\"883\" data-end=\"1765\">El lapso estuvo marcado por el aumento de necesidades de protecci\u00f3n y atenci\u00f3n institucional de personas extranjeras y mexicanas en Estados Unidos. M\u00e9xico report\u00f3 m\u00e1s de 152 mil casos de protecci\u00f3n consular entre septiembre de 2025 y junio de 2026, cifra que representa un incremento de 21.4 por ciento, junto con un n\u00famero de visitas a centros de detenci\u00f3n. Paralelamente, Ciudad Ju\u00e1rez enfrenta el reto de incorporar al sistema educativo a menores migrantes que permanecen en la ciudad, evidenciando procesos de asentamiento que requieren coordinaci\u00f3n institucional y reconocimiento de derechos.<\/p><p data-start=\"1767\" data-end=\"2613\" data-is-last-node=\"\" data-is-only-node=\"\"><strong data-start=\"1767\" data-end=\"1782\">Deportaci\u00f3n<\/strong><\/p><p data-start=\"1767\" data-end=\"2613\" data-is-last-node=\"\" data-is-only-node=\"\">Esta migraci\u00f3n forzada se caracteriz\u00f3 esta semana por una intensificaci\u00f3n de operativos y por sus efectos diferenciados sobre poblaciones vulnerables. Los casos de seis menores ordenados a deportar desde Chicago y de un ni\u00f1o de cinco a\u00f1os deportado a M\u00e9xico evidencian controversias sobre garant\u00edas procesales y protecci\u00f3n de la infancia. En Springfield, las redadas contra la comunidad haitiana profundizaron el temor y la inseguridad. En M\u00e9xico, Tijuana registr\u00f3 un aumento de personas mayores repatriadas en situaci\u00f3n de calle, mostrando que la deportaci\u00f3n tambi\u00e9n genera consecuencias sociales, econ\u00f3micas y de reintegraci\u00f3n prolongadas.<\/p><\/div><\/div>\t\t\t\t\t\t<\/div>\n\t\t\t\t<\/div>\n\t\t\t\t<div class=\"elementor-element elementor-element-0c225b2 elementor-widget elementor-widget-heading\" data-id=\"0c225b2\" data-element_type=\"widget\" data-widget_type=\"heading.default\">\n\t\t\t\t<div class=\"elementor-widget-container\">\n\t\t\t<h3 class=\"elementor-heading-title elementor-size-default\">migraci\u00f3n en tr\u00e1nsito<\/h3>\t\t<\/div>\n\t\t\t\t<\/div>\n\t\t\t\t<div class=\"elementor-element elementor-element-ad439d2 elementor-widget elementor-widget-text-editor\" data-id=\"ad439d2\" data-element_type=\"widget\" data-widget_type=\"text-editor.default\">\n\t\t\t\t<div class=\"elementor-widget-container\">\n\t\t\t\t\t\t\t<p class=\"bottom-buffer\"><strong><span data-sheets-root=\"1\">Detienen a \u2018La T\u00eda\u2019, presunta operadora de una red de tr\u00e1fico de migrantes hacia EU<\/span><\/strong><\/p><p>Por Redacci\u00f3n \/ El Financiero<\/p><p>28 de agosto de 2026<\/p><p><span data-sheets-root=\"1\">Jalisco.- Autoridades detuvieron a Ana \u2018N\u2019, tambi\u00e9n conocida como \u2018La T\u00eda\u2019, presunta l\u00edder de una facci\u00f3n vinculada a La Nueva Empresa dedicada al tr\u00e1fico de migrantes desde Ciudad Ju\u00e1rez hacia Estados Unidos. En un operativo encabezado por autoridades federales, \u2018La T\u00eda\u2019 y otros cuatro presuntos c\u00f3mplices: Gilberto \u2018N\u2019, \u2018El Loco\u2019; Martha Samara \u2018N\u2019, \u2018La Fresa\u2019; Jos\u00e9 de Jes\u00fas \u2018N\u2019 y Mayra Sara\u00ed \u2018N\u2019, fueron detenidos, inform\u00f3 el Gabinete de Seguridad.<\/span><\/p>\t\t\t\t\t\t<\/div>\n\t\t\t\t<\/div>\n\t\t\t\t<div class=\"elementor-element elementor-element-7f80e85 elementor-widget elementor-widget-button\" data-id=\"7f80e85\" data-element_type=\"widget\" data-widget_type=\"button.default\">\n\t\t\t\t<div class=\"elementor-widget-container\">\n\t\t\t\t\t<div class=\"elementor-button-wrapper\">\n\t\t\t<a class=\"elementor-button elementor-button-link elementor-size-sm\" href=\"https:\/\/www.elfinanciero.com.mx\/estados\/2026\/08\/28\/detienen-a-la-tia-presunta-operadora-de-una-red-de-trafico-de-migrantes-hacia-eu\/\" target=\"_blank\">\n\t\t\t\t\t\t<span class=\"elementor-button-content-wrapper\">\n\t\t\t\t\t\t\t\t\t<span class=\"elementor-button-text\">Ver nota<\/span>\n\t\t\t\t\t<\/span>\n\t\t\t\t\t<\/a>\n\t\t<\/div>\n\t\t\t\t<\/div>\n\t\t\t\t<\/div>\n\t\t\t\t<div class=\"elementor-element elementor-element-e1486fe elementor-widget elementor-widget-text-editor\" data-id=\"e1486fe\" data-element_type=\"widget\" data-widget_type=\"text-editor.default\">\n\t\t\t\t<div class=\"elementor-widget-container\">\n\t\t\t\t\t\t\t<p><strong><span data-sheets-root=\"1\">Re\u00fane Congreso Internacional en Quer\u00e9taro a especialistas para abordar la movilidad humana<\/span><\/strong><\/p><p>Por David \u00c1lvarez \/ <span data-sheets-root=\"1\">Diario de Quer\u00e9taro<\/span><\/p><p>01 de septiembre de 2026<\/p><p><span data-sheets-root=\"1\">Quer\u00e9taro.- \u201cLa movilidad es una historia de millones de personas\u201d. Con esa frase inici\u00f3 este martes en la Facultad de Derecho de la Universidad Aut\u00f3noma de Quer\u00e9taro (UAQ) el Primer Congreso Internacional sobre Movilidad Humana, Protecci\u00f3n Multinacional y Crisis Humanitarias. Ante decenas de estudiantes, el director de la Casa de los Saberes Jur\u00eddicos en Quer\u00e9taro, Juan Pablo Zetina Medrano, abri\u00f3 los trabajos del encuentro, que se desarrollar\u00e1 durante los d\u00edas 1, 2 y 3 de septiembre con la participaci\u00f3n de representantes de los poderes Ejecutivo, Legislativo y Judicial.<\/span><\/p>\t\t\t\t\t\t<\/div>\n\t\t\t\t<\/div>\n\t\t\t\t<div class=\"elementor-element elementor-element-919e037 elementor-widget elementor-widget-button\" data-id=\"919e037\" data-element_type=\"widget\" data-widget_type=\"button.default\">\n\t\t\t\t<div class=\"elementor-widget-container\">\n\t\t\t\t\t<div class=\"elementor-button-wrapper\">\n\t\t\t<a class=\"elementor-button elementor-button-link elementor-size-sm\" href=\"https:\/\/oem.com.mx\/diariodequeretaro\/local\/reune-congreso-internacional-en-queretaro-a-especialistas-para-abordar-la-movilidad-humana-31845839\" target=\"_blank\">\n\t\t\t\t\t\t<span class=\"elementor-button-content-wrapper\">\n\t\t\t\t\t\t\t\t\t<span class=\"elementor-button-text\">Ver nota<\/span>\n\t\t\t\t\t<\/span>\n\t\t\t\t\t<\/a>\n\t\t<\/div>\n\t\t\t\t<\/div>\n\t\t\t\t<\/div>\n\t\t\t\t<div class=\"elementor-element elementor-element-7861e0e elementor-widget elementor-widget-text-editor\" data-id=\"7861e0e\" data-element_type=\"widget\" data-widget_type=\"text-editor.default\">\n\t\t\t\t<div class=\"elementor-widget-container\">\n\t\t\t\t\t\t\t<p><strong><span class=\"post-title\"><span data-sheets-root=\"1\">Confirmado: aeropuertos de Ciudad de M\u00e9xico, Monterrey, Guadalajara, Puebla y Tijuana no dejar\u00e1n ingresar a las personas que no renueven su pasaporte<\/span><\/span><\/strong><\/p><p>Por Redacci\u00f3n \/ El Cronista<\/p><p>01 de septiembre de 2026<\/p><p><span data-sheets-root=\"1\">M\u00e9xico.- Los visitantes extranjeros que pretendan ingresar a M\u00e9xico \u00fanicamente con un pasaporte vencido no cumplen los requisitos establecidos por las autoridades migratorias. La regla alcanza a las llegadas internacionales en los aeropuertos de Ciudad de M\u00e9xico, Monterrey, Guadalajara, Puebla y Tijuana. No se trata de una disposici\u00f3n nueva ni exclusiva de esas terminales. Es una exigencia migratoria nacional que tambi\u00e9n se aplica en otros aeropuertos, puertos mar\u00edtimos y puntos terrestres habilitados para el tr\u00e1nsito internacional.<\/span><\/p>\t\t\t\t\t\t<\/div>\n\t\t\t\t<\/div>\n\t\t\t\t<div class=\"elementor-element elementor-element-4370367 elementor-widget elementor-widget-button\" data-id=\"4370367\" data-element_type=\"widget\" data-widget_type=\"button.default\">\n\t\t\t\t<div class=\"elementor-widget-container\">\n\t\t\t\t\t<div class=\"elementor-button-wrapper\">\n\t\t\t<a class=\"elementor-button elementor-button-link elementor-size-sm\" href=\"https:\/\/www.cronista.com\/mexico\/actualidad-mx\/confirmado-aeropuertos-de-ciudad-de-mexico-monterrey-guadalajara-puebla-y-tijuana-no-dejaran-ingresar-a-las-personas-que-no-renueven-su-pasaporte\/\" target=\"_blank\">\n\t\t\t\t\t\t<span class=\"elementor-button-content-wrapper\">\n\t\t\t\t\t\t\t\t\t<span class=\"elementor-button-text\">Ver nota<\/span>\n\t\t\t\t\t<\/span>\n\t\t\t\t\t<\/a>\n\t\t<\/div>\n\t\t\t\t<\/div>\n\t\t\t\t<\/div>\n\t\t\t\t<div class=\"elementor-element elementor-element-1884366 elementor-widget elementor-widget-text-editor\" data-id=\"1884366\" data-element_type=\"widget\" data-widget_type=\"text-editor.default\">\n\t\t\t\t<div class=\"elementor-widget-container\">\n\t\t\t\t\t\t\t<p><strong>Migrantes de la caravana \u201cSue\u00f1os sin fronteras\u201d mantienen la esperanza de salir del sur mexicano<\/strong><\/p><p>Por Edgar H. Clemente \/ La Jornada<\/p><p>28 de agosto de 2026<\/p><p class=\"nota-justify\">Tapachula.- Muchos integrantes de\u00a0la caravana \u201csue\u00f1os sin fronteras\u201d que avanza por la costa de Chiapas, han buscado salir por cuenta propia de la frontera sur en distintas ocasiones pero han sido detenidos y retornados a Tapachula, la principal ciudad de la regi\u00f3n, por lo que decidieron integrarse al contingente en un nuevo intento por llegar a otras ciudades del pa\u00eds donde puedan encontrar empleo y seguir con sus tr\u00e1mites de regularizaci\u00f3n. La antrop\u00f3loga social Blanca M\u00f3nica Mar\u00edn Valadez, hizo una reciente visita a la caravana en la que observ\u00f3 que muchos de sus integrantes son personas que han sido retornadas desde otras entidades del pa\u00eds hacia Tapachula por el Instituto Nacional de Migraci\u00f3n, as\u00ed como deportados de Estados Unidos por el gobierno del Presidente Donald Trump, elevando la vulnerabilidad de los migrantes que tienen que vivir una verdadera odisea en su anhelo por un mejor futuro.<\/p>\t\t\t\t\t\t<\/div>\n\t\t\t\t<\/div>\n\t\t\t\t<div class=\"elementor-element elementor-element-104f535 elementor-widget elementor-widget-button\" data-id=\"104f535\" data-element_type=\"widget\" data-widget_type=\"button.default\">\n\t\t\t\t<div class=\"elementor-widget-container\">\n\t\t\t\t\t<div class=\"elementor-button-wrapper\">\n\t\t\t<a class=\"elementor-button elementor-button-link elementor-size-sm\" href=\"https:\/\/www.jornada.com.mx\/noticia\/2026\/08\/28\/estados\/migrantes-de-la-caravana-suenos-sin-fronteras-mantienen-la-esperanza-de-salir-del-sur-mexicano\" target=\"_blank\">\n\t\t\t\t\t\t<span class=\"elementor-button-content-wrapper\">\n\t\t\t\t\t\t\t\t\t<span class=\"elementor-button-text\">Ver nota<\/span>\n\t\t\t\t\t<\/span>\n\t\t\t\t\t<\/a>\n\t\t<\/div>\n\t\t\t\t<\/div>\n\t\t\t\t<\/div>\n\t\t\t\t<div class=\"elementor-element elementor-element-f0fff1d elementor-widget elementor-widget-heading\" data-id=\"f0fff1d\" data-element_type=\"widget\" data-widget_type=\"heading.default\">\n\t\t\t\t<div class=\"elementor-widget-container\">\n\t\t\t<h3 class=\"elementor-heading-title elementor-size-default\">Inmigraci\u00f3n<\/h3>\t\t<\/div>\n\t\t\t\t<\/div>\n\t\t\t\t<div class=\"elementor-element elementor-element-7790e92 elementor-widget elementor-widget-text-editor\" data-id=\"7790e92\" data-element_type=\"widget\" data-widget_type=\"text-editor.default\">\n\t\t\t\t<div class=\"elementor-widget-container\">\n\t\t\t\t\t\t\t<p class=\"a_t\"><strong>SRE: 20 querellas penales por muerte de paisanos en el ICE<\/strong><\/p><p>Por Iv\u00e1n Evair Salda\u00f1a \/ La Jornada<\/p><p>30 de agosto de 2026<\/p><p class=\"nota-justify\">Ciudad de M\u00e9xico.- Por el fallecimiento de 17 connacionales en distintos operativos del Servicio de Inmigraci\u00f3n y Control de Aduanas (ICE)\u00a0 en Estados Unidos, el gobierno de M\u00e9xico ha presentado 20 denuncias penales ante fiscal\u00edas estatales y de condado con jurisdicci\u00f3n donde ocurrieron las muertes, y tambi\u00e9n envi\u00f3 una carta al Alto Comisionado de las Naciones Unidas para los Derechos Humanos, Volker T\u00fcrk. Mediante una tarjeta informativa, la Secretar\u00eda de Relaciones Exteriores (SRE) detall\u00f3 este mi\u00e9rcoles las acciones que emprendi\u00f3 por la muerte de los mexicanos en ese pa\u00eds, que se registran desde mayo de 2025 a la fecha. Las medidas dan seguimiento a la instrucci\u00f3n anunciada el 9 de julio por la presidenta Claudia Sheinbaum para exigir el esclarecimiento de los casos.<\/p>\t\t\t\t\t\t<\/div>\n\t\t\t\t<\/div>\n\t\t\t\t<div class=\"elementor-element elementor-element-9c500bc elementor-widget elementor-widget-button\" data-id=\"9c500bc\" data-element_type=\"widget\" data-widget_type=\"button.default\">\n\t\t\t\t<div class=\"elementor-widget-container\">\n\t\t\t\t\t<div class=\"elementor-button-wrapper\">\n\t\t\t<a class=\"elementor-button elementor-button-link elementor-size-sm\" href=\"https:\/\/www.jornada.com.mx\/noticia\/2026\/07\/22\/politica\/por-muerte-de-17-mexicanos-en-redadas-del-ice-gobierno-presenta-20-denuncias-en-eu-y-carta-ante-onu\" target=\"_blank\">\n\t\t\t\t\t\t<span class=\"elementor-button-content-wrapper\">\n\t\t\t\t\t\t\t\t\t<span class=\"elementor-button-text\">Ver nota<\/span>\n\t\t\t\t\t<\/span>\n\t\t\t\t\t<\/a>\n\t\t<\/div>\n\t\t\t\t<\/div>\n\t\t\t\t<\/div>\n\t\t\t\t<div class=\"elementor-element elementor-element-1db838e elementor-widget elementor-widget-text-editor\" data-id=\"1db838e\" data-element_type=\"widget\" data-widget_type=\"text-editor.default\">\n\t\t\t\t<div class=\"elementor-widget-container\">\n\t\t\t\t\t\t\t<p><strong><span data-sheets-root=\"1\">ICE destinar\u00eda $2,000,000 a la compra de perros robot para apoyar en operativos migratorios<\/span><\/strong><\/p><p>Por Jessica Ivette Calder\u00f3n Mart\u00ednez \/ Telemundo Chicago<\/p><p><span style=\"letter-spacing: -0.015em;\">28 de agosto de 2026<\/span><\/p><p><span data-sheets-root=\"1\">Estados Unidos.- Los operativos migratorios de Estados Unidos podr\u00edan sumar un nuevo integrante: perros robot capaces de ingresar de forma remota a lugares peligrosos o de dif\u00edcil acceso. El Servicio de Inmigraci\u00f3n y Control de Aduanas ( ICE) contempla destinar 2,000,000 de d\u00f3lares a la adquisici\u00f3n de robots SPOT, fabricados por Boston Dynamics, de acuerdo con un documento del Departamento de Seguridad Nacional ( DHS) al que tuvo acceso N+ Univision.<\/span><\/p>\t\t\t\t\t\t<\/div>\n\t\t\t\t<\/div>\n\t\t\t\t<div class=\"elementor-element elementor-element-e265e57 elementor-widget elementor-widget-button\" data-id=\"e265e57\" data-element_type=\"widget\" data-widget_type=\"button.default\">\n\t\t\t\t<div class=\"elementor-widget-container\">\n\t\t\t\t\t<div class=\"elementor-button-wrapper\">\n\t\t\t<a class=\"elementor-button elementor-button-link elementor-size-sm\" href=\"https:\/\/www.univision.com\/noticias\/inmigracion\/ice-destinara-2-000-000-a-la-compra-de-perros-robot-para-apoyar-operativos-migratorios\" target=\"_blank\">\n\t\t\t\t\t\t<span class=\"elementor-button-content-wrapper\">\n\t\t\t\t\t\t\t\t\t<span class=\"elementor-button-text\">Ver nota<\/span>\n\t\t\t\t\t<\/span>\n\t\t\t\t\t<\/a>\n\t\t<\/div>\n\t\t\t\t<\/div>\n\t\t\t\t<\/div>\n\t\t\t\t<div class=\"elementor-element elementor-element-06d1b59 elementor-widget elementor-widget-text-editor\" data-id=\"06d1b59\" data-element_type=\"widget\" data-widget_type=\"text-editor.default\">\n\t\t\t\t<div class=\"elementor-widget-container\">\n\t\t\t\t\t\t\t<p class=\"title font-bold \"><strong><span data-sheets-root=\"1\">SRE atiende m\u00e1s de 152 mil casos de protecci\u00f3n consular ante pol\u00edticas antimigrantes de Trump; casos aumentan 21.4%<\/span><\/strong><\/p><p>Por Enrique G\u00f3mez-Antonio L\u00f3pez Cruz \/ El Universal<\/p><p>30 de agosto de 2026<\/p><p><span data-sheets-root=\"1\">M\u00e9xico.- Entre septiembre de 2025 y junio de 2026, la Secretar\u00eda de Relaciones Exteriores atendi\u00f3 152 mil 466 casos de protecci\u00f3n consular, ante las pol\u00edticas antimigrantes del gobierno del presidente Donald Trump, se\u00f1al\u00f3 Roberto Velasco \u00c1lvarez, secretario de Relaciones Exteriores. Durante la reuni\u00f3n plenaria de los diputados de Morena, el canciller detall\u00f3 que la cifra representa 21.4% m\u00e1s que en el periodo previo; e inform\u00f3 que la dependencia a su cargo realiz\u00f3 9 mil 929 visitas a centros de detenci\u00f3n, que representan 33% m\u00e1s.<\/span><\/p>\t\t\t\t\t\t<\/div>\n\t\t\t\t<\/div>\n\t\t\t\t<div class=\"elementor-element elementor-element-d1e939d elementor-widget elementor-widget-button\" data-id=\"d1e939d\" data-element_type=\"widget\" data-widget_type=\"button.default\">\n\t\t\t\t<div class=\"elementor-widget-container\">\n\t\t\t\t\t<div class=\"elementor-button-wrapper\">\n\t\t\t<a class=\"elementor-button elementor-button-link elementor-size-sm\" href=\"https:\/\/www.eluniversal.com.mx\/nacion\/sre-atiende-mas-de-152-mil-casos-de-proteccion-consular-ante-politicas-antimigrantes-de-trump-casos-aumentan-214\/\" target=\"_blank\">\n\t\t\t\t\t\t<span class=\"elementor-button-content-wrapper\">\n\t\t\t\t\t\t\t\t\t<span class=\"elementor-button-text\">Ver nota<\/span>\n\t\t\t\t\t<\/span>\n\t\t\t\t\t<\/a>\n\t\t<\/div>\n\t\t\t\t<\/div>\n\t\t\t\t<\/div>\n\t\t\t\t<div class=\"elementor-element elementor-element-8bf45f0 elementor-widget elementor-widget-text-editor\" data-id=\"8bf45f0\" data-element_type=\"widget\" data-widget_type=\"text-editor.default\">\n\t\t\t\t<div class=\"elementor-widget-container\">\n\t\t\t\t\t\t\t<p class=\"article-heading css-1nfgtt7 e1j37txl0\" tabindex=\"-1\"><strong><span data-sheets-root=\"1\">Apoyan a ni\u00f1os migrantes a seguir en sus estudios<\/span><\/strong><\/p><p>Por Estrella Monta\u00f1o \/ El Diario de Ju\u00e1rez- El Diario Mx<\/p><p>28 de agosto de 2026<\/p><p><span data-sheets-root=\"1\">Ju\u00e1rez.- En un escenario donde cada vez m\u00e1s migrantes permanecen en la ciudad y dejan de estar \u00fanicamente de paso, Ciudad Ju\u00e1rez enfrenta el reto de garantizar que ni\u00f1as, ni\u00f1os y adolescentes en situaci\u00f3n de movilidad puedan continuar sus estudios, aun cuando lleguen a la frontera sin documentos que acrediten su trayectoria escolar, dijo Dirvin Garc\u00eda, responsable del Departamento de Atenci\u00f3n a Migrantes y Movilidad Humana. El funcionario explic\u00f3 que actualmente no existe un registro \u00fanico que permita determinar con precisi\u00f3n cu\u00e1ntas ni\u00f1as, ni\u00f1os y adolescentes de nacionalidad extranjera se encuentran por incorporarse al sistema educativo de la frontera. Indic\u00f3 que conocer con exactitud la cantidad de personas en situaci\u00f3n de movilidad que permanecen en esta urbe requiere cruzar informaci\u00f3n de distintas instituciones y organizaciones que atienden a esta poblaci\u00f3n, debido a que las condiciones migratorias y las necesidades de cada persona son diferentes.<\/span><\/p>\t\t\t\t\t\t<\/div>\n\t\t\t\t<\/div>\n\t\t\t\t<div class=\"elementor-element elementor-element-318e1a8 elementor-widget elementor-widget-button\" data-id=\"318e1a8\" data-element_type=\"widget\" data-widget_type=\"button.default\">\n\t\t\t\t<div class=\"elementor-widget-container\">\n\t\t\t\t\t<div class=\"elementor-button-wrapper\">\n\t\t\t<a class=\"elementor-button elementor-button-link elementor-size-sm\" href=\"https:\/\/diario.mx\/juarez\/2026\/aug\/28\/apoyan-a-ninos-migrantes-a-seguir-en-sus-estudios-1135546.html\" target=\"_blank\">\n\t\t\t\t\t\t<span class=\"elementor-button-content-wrapper\">\n\t\t\t\t\t\t\t\t\t<span class=\"elementor-button-text\">Ver nota<\/span>\n\t\t\t\t\t<\/span>\n\t\t\t\t\t<\/a>\n\t\t<\/div>\n\t\t\t\t<\/div>\n\t\t\t\t<\/div>\n\t\t\t\t<div class=\"elementor-element elementor-element-3e6e58d elementor-widget elementor-widget-heading\" data-id=\"3e6e58d\" data-element_type=\"widget\" data-widget_type=\"heading.default\">\n\t\t\t\t<div class=\"elementor-widget-container\">\n\t\t\t<h3 class=\"elementor-heading-title elementor-size-default\">deportaci\u00f3n<\/h3>\t\t<\/div>\n\t\t\t\t<\/div>\n\t\t\t\t<div class=\"elementor-element elementor-element-3912d9e elementor-widget elementor-widget-text-editor\" data-id=\"3912d9e\" data-element_type=\"widget\" data-widget_type=\"text-editor.default\">\n\t\t\t\t<div class=\"elementor-widget-container\">\n\t\t\t\t\t\t\t<p class=\"headline\"><strong>Justifica Mullin deportaci\u00f3n de ni\u00f1o detenido por agentes de ICE<\/strong><\/p><p>Por Yailet Arg\u00fcelles \/ <span data-sheets-root=\"1\">Quadrat\u00edn Hispano<\/span><\/p><p>28 de agosto de 2026<\/p><p><span data-sheets-root=\"1\">Nueva Jersey.- El secretario de Seguridad Nacional de Estados Unidos, Markwayne Mullin, defendi\u00f3 la actuaci\u00f3n del Servicio de Inmigraci\u00f3n y Control de Aduanas (ICE) en el caso de Liam Tadeo, un ni\u00f1o de cinco a\u00f1os detenido junto con su padre en Austin, Texas, y posteriormente deportado a M\u00e9xico. Mullin respondi\u00f3 al legislador estatal de Texas James Talarico, quien cuestion\u00f3 que el menor pasara sus primeros d\u00edas de k\u00ednder en el centro de detenci\u00f3n de Dilley, Texas. El secretario sostuvo que V\u00edctor Mart\u00ednez Nieto solicit\u00f3 la salida voluntaria del pa\u00eds junto con su hijo y que ambos fueron removidos el 25 de agosto. El caso comenz\u00f3 el 16 de agosto, cuando agentes de ICE detuvieron a Mart\u00ednez Nieto y a Liam durante una parada vehicular en Austin, mientras se dirig\u00edan a un partido de futbol infantil. Ambos fueron trasladados al centro de detenci\u00f3n de Dilley.<\/span><\/p>\t\t\t\t\t\t<\/div>\n\t\t\t\t<\/div>\n\t\t\t\t<div class=\"elementor-element elementor-element-2d4d168 elementor-widget elementor-widget-button\" data-id=\"2d4d168\" data-element_type=\"widget\" data-widget_type=\"button.default\">\n\t\t\t\t<div class=\"elementor-widget-container\">\n\t\t\t\t\t<div class=\"elementor-button-wrapper\">\n\t\t\t<a class=\"elementor-button elementor-button-link elementor-size-sm\" href=\"https:\/\/quadratin.com\/estados-unidos\/justifica-mullin-deportacion-de-nino-detenido-por-agentes-de-ice\/\" target=\"_blank\">\n\t\t\t\t\t\t<span class=\"elementor-button-content-wrapper\">\n\t\t\t\t\t\t\t\t\t<span class=\"elementor-button-text\">Ver nota<\/span>\n\t\t\t\t\t<\/span>\n\t\t\t\t\t<\/a>\n\t\t<\/div>\n\t\t\t\t<\/div>\n\t\t\t\t<\/div>\n\t\t\t\t<div class=\"elementor-element elementor-element-c8573b3 elementor-widget elementor-widget-text-editor\" data-id=\"c8573b3\" data-element_type=\"widget\" data-widget_type=\"text-editor.default\">\n\t\t\t\t<div class=\"elementor-widget-container\">\n\t\t\t\t\t\t\t<p class=\"mainContent__title\"><strong><span data-sheets-root=\"1\">\u00abSon ni\u00f1os, no son criminales\u00bb: Ordenan deportaci\u00f3n de seis menores en Chicago; denuncian irregularidades en sus casos <\/span><\/strong><\/p><p>Por N+ Univision \/ Univision<\/p><p>27 de agosto de 2026<\/p><p><span data-sheets-root=\"1\">Chicago.- Un juez en Chicago orden\u00f3 la deportaci\u00f3n de seis menores hacia Honduras, El Salvador y Guatemala, pese a que sus defensas argumentaban que podr\u00edan calificar para el estatus especial de j\u00f3venes inmigrantes, al haber huido del abandono y la violencia en sus pa\u00edses de origen. Organizaciones defensoras denuncian presuntas irregularidades en los procesos de deportaci\u00f3n de estos seis j\u00f3venes. Mandando para otros pa\u00edses que no son sus pa\u00edses de origen. La ex jueza de inmigraci\u00f3n jennifer payton, no relacionada con la defensa de los menores deportaci\u00f3n, critic\u00f3 la decisi\u00f3n del juez. Y ese juez. Por internet olvid\u00f3 o ignor\u00f3 totalmente que ellos ten\u00edan algo pendiente, un remedio, una aplicaci\u00f3n de beneficios.<\/span><\/p>\t\t\t\t\t\t<\/div>\n\t\t\t\t<\/div>\n\t\t\t\t<div class=\"elementor-element elementor-element-b8b7b6d elementor-widget elementor-widget-button\" data-id=\"b8b7b6d\" data-element_type=\"widget\" data-widget_type=\"button.default\">\n\t\t\t\t<div class=\"elementor-widget-container\">\n\t\t\t\t\t<div class=\"elementor-button-wrapper\">\n\t\t\t<a class=\"elementor-button elementor-button-link elementor-size-sm\" href=\"https:\/\/www.univision.com\/noticias\/son-ninos-no-son-criminales-ordenan-deportacion-de-seis-menores-en-chicago-denuncian-irregularidades-en-sus-casos-video\" target=\"_blank\">\n\t\t\t\t\t\t<span class=\"elementor-button-content-wrapper\">\n\t\t\t\t\t\t\t\t\t<span class=\"elementor-button-text\">Ver nota<\/span>\n\t\t\t\t\t<\/span>\n\t\t\t\t\t<\/a>\n\t\t<\/div>\n\t\t\t\t<\/div>\n\t\t\t\t<\/div>\n\t\t\t\t<div class=\"elementor-element elementor-element-0453ed0 elementor-widget elementor-widget-text-editor\" data-id=\"0453ed0\" data-element_type=\"widget\" data-widget_type=\"text-editor.default\">\n\t\t\t\t<div class=\"elementor-widget-container\">\n\t\t\t\t\t\t\t<p><strong>El Servicio de Inmigraci\u00f3n de EE.UU. intensifica las redadas en la comunidad haitiana de Springfield, Ohio<\/strong><\/p><p>Por Redacci\u00f3n \/ <span data-sheets-root=\"1\">Democrasy Now<\/span><\/p><p>28 de agosto de 2026<\/p><p><span data-sheets-root=\"1\">Ohio.- Al tiempo que el Gobierno de Trump intensifica las deportaciones a Hait\u00ed, un gran n\u00famero de agentes federales de inmigraci\u00f3n se ha desplegado en Springfield, estado de Ohio, una ciudad que ha sido objeto de reiterados ataques racistas por parte de Trump y que alberga una importante comunidad haitiana. Los residentes haitianos viven con miedo ante los operativos de agentes del Servicio de Inmigraci\u00f3n, quienes, con sus rostros enmascarados y a bordo de veh\u00edculos sin identificaci\u00f3n, irrumpen en las calles para llevarse por la fuerza a miembros de la comunidad. Estas fueron las palabras expresadas por la residente de Springfield Jen Casto al hablar el martes ante el Concejo Municipal de la ciudad durante el turno de participaci\u00f3n ciudadana.<\/span><span data-sheets-root=\"1\">\u00a0<\/span><\/p>\t\t\t\t\t\t<\/div>\n\t\t\t\t<\/div>\n\t\t\t\t<div class=\"elementor-element elementor-element-6e8c7d3 elementor-widget elementor-widget-button\" data-id=\"6e8c7d3\" data-element_type=\"widget\" data-widget_type=\"button.default\">\n\t\t\t\t<div class=\"elementor-widget-container\">\n\t\t\t\t\t<div class=\"elementor-button-wrapper\">\n\t\t\t<a class=\"elementor-button elementor-button-link elementor-size-sm\" href=\"https:\/\/www.democracynow.org\/es\/2026\/8\/28\/titulares\/ice_steps_up_raids_on_haitian_community_in_springfield_ohio\" target=\"_blank\">\n\t\t\t\t\t\t<span class=\"elementor-button-content-wrapper\">\n\t\t\t\t\t\t\t\t\t<span class=\"elementor-button-text\">Ver nota<\/span>\n\t\t\t\t\t<\/span>\n\t\t\t\t\t<\/a>\n\t\t<\/div>\n\t\t\t\t<\/div>\n\t\t\t\t<\/div>\n\t\t\t\t<div class=\"elementor-element elementor-element-ba3e5de elementor-widget elementor-widget-text-editor\" data-id=\"ba3e5de\" data-element_type=\"widget\" data-widget_type=\"text-editor.default\">\n\t\t\t\t<div class=\"elementor-widget-container\">\n\t\t\t\t\t\t\t<p class=\"a_t\"><strong><span data-sheets-root=\"1\">Crece poblaci\u00f3n en situaci\u00f3n de calle en Tijuana ante deportaci\u00f3n de adultos mayores<\/span><\/strong><\/p><p>Por Admin. \/ <span data-sheets-root=\"1\">En Linea BC<\/span><\/p><p>01 de septiembre de 2026<\/p><p><span data-sheets-root=\"1\">Tijuana.- Durante 2026, Tijuana ha registrado un incremento en el n\u00famero de personas en situaci\u00f3n de calle, una situaci\u00f3n que en gran medida est\u00e1 relacionada con la llegada de personas repatriadas desde Estados Unidos en edades avanzadas, quienes enfrentan mayores dificultades para incorporarse nuevamente a la vida laboral y social. As\u00ed lo expuso Claudia Portela, administradora del Proyecto Salesiano Tijuana, quien se\u00f1al\u00f3 que desde el inicio del a\u00f1o comenzaron a observar un crecimiento constante de esta poblaci\u00f3n, la cual ya no se concentra \u00fanicamente en algunos puntos espec\u00edficos, sino que se ha extendido alrededor de espacios donde existen servicios de atenci\u00f3n y alimentaci\u00f3n. \u201cSi ustedes se paran afuera del desayunador, ya no son tres, cuatro casitas en frente, ya es toda la cuadra y de ambos lados\u201d, expuso, e indic\u00f3 que, pese a los esfuerzos por reubicar a algunas de estas personas, esto permanece y tambi\u00e9n se observa en las inmediaciones de otros espacios y organizaciones que brindan atenci\u00f3n a poblaci\u00f3n migrante y vulnerable.<\/span><\/p>\t\t\t\t\t\t<\/div>\n\t\t\t\t<\/div>\n\t\t\t\t<div class=\"elementor-element elementor-element-7d3daef elementor-widget elementor-widget-button\" data-id=\"7d3daef\" data-element_type=\"widget\" data-widget_type=\"button.default\">\n\t\t\t\t<div class=\"elementor-widget-container\">\n\t\t\t\t\t<div class=\"elementor-button-wrapper\">\n\t\t\t<a class=\"elementor-button elementor-button-link elementor-size-sm\" href=\"https:\/\/www.enlineabc.com.mx\/tijuana\/inicio\/2026\/09\/01\/crece-poblacion-en-situacion-de-calle-en-tijuana-ante-deportacion-de-adultos-mayores\/\" target=\"_blank\">\n\t\t\t\t\t\t<span class=\"elementor-button-content-wrapper\">\n\t\t\t\t\t\t\t\t\t<span class=\"elementor-button-text\">Ver nota<\/span>\n\t\t\t\t\t<\/span>\n\t\t\t\t\t<\/a>\n\t\t<\/div>\n\t\t\t\t<\/div>\n\t\t\t\t<\/div>\n\t\t\t\t\t<\/div>\n\t\t\t\t<\/div>\n\t\t<div class=\"elementor-element elementor-element-02619d2 e-con-full e-flex e-con e-parent\" data-id=\"02619d2\" data-element_type=\"container\">\n\t\t<div class=\"elementor-element elementor-element-0dfd19d e-con-full e-flex e-con e-child\" data-id=\"0dfd19d\" data-element_type=\"container\">\n\t\t\t\t<div class=\"elementor-element elementor-element-1eeed82 elementor-widget elementor-widget-shortcode\" data-id=\"1eeed82\" data-element_type=\"widget\" data-widget_type=\"shortcode.default\">\n\t\t\t\t<div class=\"elementor-widget-container\">\n\t\t\t\t\t<div class=\"elementor-shortcode\">\t\t<div data-elementor-type=\"section\" data-elementor-id=\"7418\" class=\"elementor elementor-7418\" data-elementor-post-type=\"elementor_library\">\n\t\t\t<div class=\"elementor-element elementor-element-4db2b2cc e-flex e-con-boxed e-con e-parent\" data-id=\"4db2b2cc\" data-element_type=\"container\" data-settings=\"{&quot;background_background&quot;:&quot;classic&quot;}\">\n\t\t\t\t\t<div class=\"e-con-inner\">\n\t\t<div class=\"elementor-element elementor-element-2db807c5 e-con-full e-flex e-con e-child\" data-id=\"2db807c5\" data-element_type=\"container\">\n\t\t\t\t<div class=\"elementor-element elementor-element-402cea03 elementor-widget__width-inherit elementor-widget elementor-widget-image\" data-id=\"402cea03\" data-element_type=\"widget\" data-widget_type=\"image.default\">\n\t\t\t\t<div class=\"elementor-widget-container\">\n\t\t\t\t\t\t\t\t\t\t\t\t\t<img decoding=\"async\" width=\"250\" height=\"65\" src=\"https:\/\/observatorios.colef.mx\/opomidh\/wp-content\/uploads\/2024\/09\/1.png\" class=\"attachment-full size-full wp-image-7156\" alt=\"\" \/>\t\t\t\t\t\t\t\t\t\t\t\t\t<\/div>\n\t\t\t\t<\/div>\n\t\t\t\t<div class=\"elementor-element elementor-element-4ff86130 elementor-widget elementor-widget-text-editor\" data-id=\"4ff86130\" data-element_type=\"widget\" data-widget_type=\"text-editor.default\">\n\t\t\t\t<div class=\"elementor-widget-container\">\n\t\t\t\t\t\t\t<p>A\u00f1o de creaci\u00f3n 2014<\/p>\t\t\t\t\t\t<\/div>\n\t\t\t\t<\/div>\n\t\t<div class=\"elementor-element elementor-element-38b3a72 e-con-full e-flex e-con e-child\" data-id=\"38b3a72\" data-element_type=\"container\">\n\t\t\t\t<div class=\"elementor-element elementor-element-803c6eb elementor-widget elementor-widget-image\" data-id=\"803c6eb\" data-element_type=\"widget\" data-widget_type=\"image.default\">\n\t\t\t\t<div class=\"elementor-widget-container\">\n\t\t\t\t\t\t\t\t\t\t\t\t\t<img decoding=\"async\" width=\"129\" height=\"45\" src=\"https:\/\/observatorios.colef.mx\/opomidh\/wp-content\/uploads\/2024\/09\/img-CC.png\" class=\"attachment-full size-full wp-image-7420\" alt=\"\" \/>\t\t\t\t\t\t\t\t\t\t\t\t\t<\/div>\n\t\t\t\t<\/div>\n\t\t\t\t<\/div>\n\t\t\t\t<\/div>\n\t\t<div class=\"elementor-element elementor-element-15b3b131 e-con-full e-flex e-con e-child\" data-id=\"15b3b131\" data-element_type=\"container\">\n\t\t\t\t<div class=\"elementor-element elementor-element-34dfc93c elementor-widget elementor-widget-heading\" data-id=\"34dfc93c\" data-element_type=\"widget\" data-widget_type=\"heading.default\">\n\t\t\t\t<div class=\"elementor-widget-container\">\n\t\t\t<h2 class=\"elementor-heading-title elementor-size-default\">MEN\u00da<\/h2>\t\t<\/div>\n\t\t\t\t<\/div>\n\t\t\t\t<div class=\"elementor-element elementor-element-1b51cb97 elementor-mobile-align-center elementor-icon-list--layout-traditional elementor-list-item-link-full_width elementor-widget elementor-widget-icon-list\" data-id=\"1b51cb97\" data-element_type=\"widget\" data-widget_type=\"icon-list.default\">\n\t\t\t\t<div class=\"elementor-widget-container\">\n\t\t\t\t\t<ul class=\"elementor-icon-list-items\">\n\t\t\t\t\t\t\t<li class=\"elementor-icon-list-item\">\n\t\t\t\t\t\t\t\t\t\t\t<a href=\"https:\/\/observatorios.colef.mx\/opomidh\">\n\n\t\t\t\t\t\t\t\t\t\t\t<span class=\"elementor-icon-list-text\">Inicio<\/span>\n\t\t\t\t\t\t\t\t\t\t\t<\/a>\n\t\t\t\t\t\t\t\t\t<\/li>\n\t\t\t\t\t\t\t\t<li class=\"elementor-icon-list-item\">\n\t\t\t\t\t\t\t\t\t\t\t<a href=\"https:\/\/observatorios.colef.mx\/opomidh\/ejes-tematicos\/politica-migratoria-y-derechos-humanos\/\">\n\n\t\t\t\t\t\t\t\t\t\t\t<span class=\"elementor-icon-list-text\">Ejes tem\u00e1ticos<\/span>\n\t\t\t\t\t\t\t\t\t\t\t<\/a>\n\t\t\t\t\t\t\t\t\t<\/li>\n\t\t\t\t\t\t\t\t<li class=\"elementor-icon-list-item\">\n\t\t\t\t\t\t\t\t\t\t\t<a href=\"https:\/\/observatorios.colef.mx\/opomidh\/sintesis-informativa\/\">\n\n\t\t\t\t\t\t\t\t\t\t\t<span class=\"elementor-icon-list-text\">S\u00edntesis informativa<\/span>\n\t\t\t\t\t\t\t\t\t\t\t<\/a>\n\t\t\t\t\t\t\t\t\t<\/li>\n\t\t\t\t\t\t\t\t<li class=\"elementor-icon-list-item\">\n\t\t\t\t\t\t\t\t\t\t\t<a href=\"https:\/\/observatorios.colef.mx\/opomidh\/recursos-visuales\/\">\n\n\t\t\t\t\t\t\t\t\t\t\t<span class=\"elementor-icon-list-text\">Recursos<\/span>\n\t\t\t\t\t\t\t\t\t\t\t<\/a>\n\t\t\t\t\t\t\t\t\t<\/li>\n\t\t\t\t\t\t\t\t<li class=\"elementor-icon-list-item\">\n\t\t\t\t\t\t\t\t\t\t\t<a href=\"https:\/\/observatorios.colef.mx\/opomidh\/nosotros\/\">\n\n\t\t\t\t\t\t\t\t\t\t\t<span class=\"elementor-icon-list-text\">El OPOMIDH<\/span>\n\t\t\t\t\t\t\t\t\t\t\t<\/a>\n\t\t\t\t\t\t\t\t\t<\/li>\n\t\t\t\t\t\t<\/ul>\n\t\t\t\t<\/div>\n\t\t\t\t<\/div>\n\t\t\t\t<\/div>\n\t\t<div class=\"elementor-element elementor-element-355ebea0 e-con-full e-flex e-con e-child\" data-id=\"355ebea0\" data-element_type=\"container\">\n\t\t\t\t<div class=\"elementor-element elementor-element-5f983ccc elementor-widget elementor-widget-heading\" data-id=\"5f983ccc\" data-element_type=\"widget\" data-widget_type=\"heading.default\">\n\t\t\t\t<div class=\"elementor-widget-container\">\n\t\t\t<h2 class=\"elementor-heading-title elementor-size-default\">ENLACES\n<\/h2>\t\t<\/div>\n\t\t\t\t<\/div>\n\t\t\t\t<div class=\"elementor-element elementor-element-75e828f1 elementor-mobile-align-center elementor-icon-list--layout-traditional elementor-list-item-link-full_width elementor-widget elementor-widget-icon-list\" data-id=\"75e828f1\" data-element_type=\"widget\" data-widget_type=\"icon-list.default\">\n\t\t\t\t<div class=\"elementor-widget-container\">\n\t\t\t\t\t<ul class=\"elementor-icon-list-items\">\n\t\t\t\t\t\t\t<li class=\"elementor-icon-list-item\">\n\t\t\t\t\t\t\t\t\t\t\t<a href=\"https:\/\/observatorios.colef.mx\/opomidh\/wp-content\/uploads\/2024\/11\/Aviso-de-privacidad-Simplificado-Observatorios-2024.pdf\" target=\"_blank\">\n\n\t\t\t\t\t\t\t\t\t\t\t<span class=\"elementor-icon-list-text\">Aviso de privacidad<\/span>\n\t\t\t\t\t\t\t\t\t\t\t<\/a>\n\t\t\t\t\t\t\t\t\t<\/li>\n\t\t\t\t\t\t\t\t<li class=\"elementor-icon-list-item\">\n\t\t\t\t\t\t\t\t\t\t\t<a href=\"https:\/\/observatorios.colef.mx\/opomidh\/wp-content\/uploads\/2024\/11\/Terminos-y-Condiciones-OPC-2024.pdf\" target=\"_blank\">\n\n\t\t\t\t\t\t\t\t\t\t\t<span class=\"elementor-icon-list-text\">Condiciones de uso<\/span>\n\t\t\t\t\t\t\t\t\t\t\t<\/a>\n\t\t\t\t\t\t\t\t\t<\/li>\n\t\t\t\t\t\t\t\t<li class=\"elementor-icon-list-item\">\n\t\t\t\t\t\t\t\t\t\t\t<a href=\"https:\/\/observatorios.colef.mx\/opomidh\/wp-content\/uploads\/2024\/11\/OPOMIDH-Licencia-y-citas.pdf\">\n\n\t\t\t\t\t\t\t\t\t\t\t<span class=\"elementor-icon-list-text\">Licencia y citas<\/span>\n\t\t\t\t\t\t\t\t\t\t\t<\/a>\n\t\t\t\t\t\t\t\t\t<\/li>\n\t\t\t\t\t\t\t\t<li class=\"elementor-icon-list-item\">\n\t\t\t\t\t\t\t\t\t\t\t<a href=\"https:\/\/observatorios.colef.mx\/opomidh\/contacto\/\">\n\n\t\t\t\t\t\t\t\t\t\t\t<span class=\"elementor-icon-list-text\">Contacto<\/span>\n\t\t\t\t\t\t\t\t\t\t\t<\/a>\n\t\t\t\t\t\t\t\t\t<\/li>\n\t\t\t\t\t\t<\/ul>\n\t\t\t\t<\/div>\n\t\t\t\t<\/div>\n\t\t\t\t<\/div>\n\t\t<div class=\"elementor-element elementor-element-267015f8 e-con-full e-flex e-con e-child\" data-id=\"267015f8\" data-element_type=\"container\">\n\t\t\t\t<div class=\"elementor-element elementor-element-5dfef97 elementor-widget elementor-widget-spacer\" data-id=\"5dfef97\" data-element_type=\"widget\" data-widget_type=\"spacer.default\">\n\t\t\t\t<div class=\"elementor-widget-container\">\n\t\t\t\t\t<div class=\"elementor-spacer\">\n\t\t\t<div class=\"elementor-spacer-inner\"><\/div>\n\t\t<\/div>\n\t\t\t\t<\/div>\n\t\t\t\t<\/div>\n\t\t\t\t<div class=\"elementor-element elementor-element-2355e66c elementor-shape-rounded elementor-grid-0 elementor-widget elementor-widget-social-icons\" data-id=\"2355e66c\" data-element_type=\"widget\" data-widget_type=\"social-icons.default\">\n\t\t\t\t<div class=\"elementor-widget-container\">\n\t\t\t\t\t<div class=\"elementor-social-icons-wrapper elementor-grid\">\n\t\t\t\t\t\t\t<span class=\"elementor-grid-item\">\n\t\t\t\t\t<a class=\"elementor-icon elementor-social-icon elementor-social-icon-facebook-f elementor-repeater-item-0d4f6e1\" href=\"https:\/\/www.facebook.com\/ObservatorioColef\" target=\"_blank\">\n\t\t\t\t\t\t<span class=\"elementor-screen-only\">Facebook-f<\/span>\n\t\t\t\t\t\t<svg class=\"e-font-icon-svg e-fab-facebook-f\" viewBox=\"0 0 320 512\" xmlns=\"http:\/\/www.w3.org\/2000\/svg\"><path d=\"M279.14 288l14.22-92.66h-88.91v-60.13c0-25.35 12.42-50.06 52.24-50.06h40.42V6.26S260.43 0 225.36 0c-73.22 0-121.08 44.38-121.08 124.72v70.62H22.89V288h81.39v224h100.17V288z\"><\/path><\/svg>\t\t\t\t\t<\/a>\n\t\t\t\t<\/span>\n\t\t\t\t\t\t\t<span class=\"elementor-grid-item\">\n\t\t\t\t\t<a class=\"elementor-icon elementor-social-icon elementor-social-icon-x-twitter elementor-repeater-item-2d0a3f1\" href=\"https:\/\/x.com\/Observa_Colef\" target=\"_blank\">\n\t\t\t\t\t\t<span class=\"elementor-screen-only\">X-twitter<\/span>\n\t\t\t\t\t\t<svg class=\"e-font-icon-svg e-fab-x-twitter\" viewBox=\"0 0 512 512\" xmlns=\"http:\/\/www.w3.org\/2000\/svg\"><path d=\"M389.2 48h70.6L305.6 224.2 487 464H345L233.7 318.6 106.5 464H35.8L200.7 275.5 26.8 48H172.4L272.9 180.9 389.2 48zM364.4 421.8h39.1L151.1 88h-42L364.4 421.8z\"><\/path><\/svg>\t\t\t\t\t<\/a>\n\t\t\t\t<\/span>\n\t\t\t\t\t\t\t<span class=\"elementor-grid-item\">\n\t\t\t\t\t<a class=\"elementor-icon elementor-social-icon elementor-social-icon-linkedin elementor-repeater-item-b583252\" href=\"#\" target=\"_blank\">\n\t\t\t\t\t\t<span class=\"elementor-screen-only\">Linkedin<\/span>\n\t\t\t\t\t\t<svg class=\"e-font-icon-svg e-fab-linkedin\" viewBox=\"0 0 448 512\" xmlns=\"http:\/\/www.w3.org\/2000\/svg\"><path d=\"M416 32H31.9C14.3 32 0 46.5 0 64.3v383.4C0 465.5 14.3 480 31.9 480H416c17.6 0 32-14.5 32-32.3V64.3c0-17.8-14.4-32.3-32-32.3zM135.4 416H69V202.2h66.5V416zm-33.2-243c-21.3 0-38.5-17.3-38.5-38.5S80.9 96 102.2 96c21.2 0 38.5 17.3 38.5 38.5 0 21.3-17.2 38.5-38.5 38.5zm282.1 243h-66.4V312c0-24.8-.5-56.7-34.5-56.7-34.6 0-39.9 27-39.9 54.9V416h-66.4V202.2h63.7v29.2h.9c8.9-16.8 30.6-34.5 62.9-34.5 67.2 0 79.7 44.3 79.7 101.9V416z\"><\/path><\/svg>\t\t\t\t\t<\/a>\n\t\t\t\t<\/span>\n\t\t\t\t\t\t\t<span class=\"elementor-grid-item\">\n\t\t\t\t\t<a class=\"elementor-icon elementor-social-icon elementor-social-icon-instagram elementor-repeater-item-2f3729d\" href=\"https:\/\/www.instagram.com\/observacolef\/\" target=\"_blank\">\n\t\t\t\t\t\t<span class=\"elementor-screen-only\">Instagram<\/span>\n\t\t\t\t\t\t<svg class=\"e-font-icon-svg e-fab-instagram\" viewBox=\"0 0 448 512\" xmlns=\"http:\/\/www.w3.org\/2000\/svg\"><path d=\"M224.1 141c-63.6 0-114.9 51.3-114.9 114.9s51.3 114.9 114.9 114.9S339 319.5 339 255.9 287.7 141 224.1 141zm0 189.6c-41.1 0-74.7-33.5-74.7-74.7s33.5-74.7 74.7-74.7 74.7 33.5 74.7 74.7-33.6 74.7-74.7 74.7zm146.4-194.3c0 14.9-12 26.8-26.8 26.8-14.9 0-26.8-12-26.8-26.8s12-26.8 26.8-26.8 26.8 12 26.8 26.8zm76.1 27.2c-1.7-35.9-9.9-67.7-36.2-93.9-26.2-26.2-58-34.4-93.9-36.2-37-2.1-147.9-2.1-184.9 0-35.8 1.7-67.6 9.9-93.9 36.1s-34.4 58-36.2 93.9c-2.1 37-2.1 147.9 0 184.9 1.7 35.9 9.9 67.7 36.2 93.9s58 34.4 93.9 36.2c37 2.1 147.9 2.1 184.9 0 35.9-1.7 67.7-9.9 93.9-36.2 26.2-26.2 34.4-58 36.2-93.9 2.1-37 2.1-147.8 0-184.8zM398.8 388c-7.8 19.6-22.9 34.7-42.6 42.6-29.5 11.7-99.5 9-132.1 9s-102.7 2.6-132.1-9c-19.6-7.8-34.7-22.9-42.6-42.6-11.7-29.5-9-99.5-9-132.1s-2.6-102.7 9-132.1c7.8-19.6 22.9-34.7 42.6-42.6 29.5-11.7 99.5-9 132.1-9s102.7-2.6 132.1 9c19.6 7.8 34.7 22.9 42.6 42.6 11.7 29.5 9 99.5 9 132.1s2.7 102.7-9 132.1z\"><\/path><\/svg>\t\t\t\t\t<\/a>\n\t\t\t\t<\/span>\n\t\t\t\t\t<\/div>\n\t\t\t\t<\/div>\n\t\t\t\t<\/div>\n\t\t\t\t<\/div>\n\t\t\t\t\t<\/div>\n\t\t\t\t<\/div>\n\t\t<div class=\"elementor-element elementor-element-671392e6 e-flex e-con-boxed e-con e-parent\" data-id=\"671392e6\" data-element_type=\"container\" data-settings=\"{&quot;background_background&quot;:&quot;classic&quot;}\">\n\t\t\t\t\t<div class=\"e-con-inner\">\n\t\t<div class=\"elementor-element elementor-element-37e27329 e-con-full e-flex e-con e-child\" data-id=\"37e27329\" data-element_type=\"container\">\n\t\t\t\t<div class=\"elementor-element elementor-element-6d19b38d elementor-widget elementor-widget-image\" data-id=\"6d19b38d\" data-element_type=\"widget\" data-widget_type=\"image.default\">\n\t\t\t\t<div class=\"elementor-widget-container\">\n\t\t\t\t\t\t\t\t\t\t\t\t\t<img decoding=\"async\" src=\"https:\/\/observatorios.colef.mx\/opomidh\/wp-content\/uploads\/elementor\/thumbs\/elcolef-1-qumyahhpjcd3vxnvedzs84oxjjr5rwb5rozyqyywrw.png\" title=\"elcolef-1.png\" alt=\"elcolef-1.png\" loading=\"lazy\" \/>\t\t\t\t\t\t\t\t\t\t\t\t\t<\/div>\n\t\t\t\t<\/div>\n\t\t\t\t<\/div>\n\t\t<div class=\"elementor-element elementor-element-16edb0af e-con-full e-flex e-con e-child\" data-id=\"16edb0af\" data-element_type=\"container\">\n\t\t\t\t<div class=\"elementor-element elementor-element-9d8e16b elementor-widget elementor-widget-text-editor\" data-id=\"9d8e16b\" data-element_type=\"widget\" data-widget_type=\"text-editor.default\">\n\t\t\t\t<div class=\"elementor-widget-container\">\n\t\t\t\t\t\t\t<p>Carretera esc\u00e9nica Tijuana-Ensenada, Km 18.5, San Antonio del Mar, 22560 Tijuana, Baja California, M\u00e9xico.<\/p>\t\t\t\t\t\t<\/div>\n\t\t\t\t<\/div>\n\t\t\t\t<\/div>\n\t\t<div class=\"elementor-element elementor-element-a8db760 e-con-full e-flex e-con e-child\" data-id=\"a8db760\" data-element_type=\"container\">\n\t\t\t\t<div class=\"elementor-element elementor-element-bf66cf2 elementor-icon-list--layout-traditional elementor-list-item-link-full_width elementor-widget elementor-widget-icon-list\" data-id=\"bf66cf2\" data-element_type=\"widget\" data-widget_type=\"icon-list.default\">\n\t\t\t\t<div class=\"elementor-widget-container\">\n\t\t\t\t\t<ul class=\"elementor-icon-list-items\">\n\t\t\t\t\t\t\t<li class=\"elementor-icon-list-item\">\n\t\t\t\t\t\t\t\t\t\t\t<span class=\"elementor-icon-list-icon\">\n\t\t\t\t\t\t\t<svg aria-hidden=\"true\" class=\"e-font-icon-svg e-fas-phone-alt\" viewBox=\"0 0 512 512\" xmlns=\"http:\/\/www.w3.org\/2000\/svg\"><path d=\"M497.39 361.8l-112-48a24 24 0 0 0-28 6.9l-49.6 60.6A370.66 370.66 0 0 1 130.6 204.11l60.6-49.6a23.94 23.94 0 0 0 6.9-28l-48-112A24.16 24.16 0 0 0 122.6.61l-104 24A24 24 0 0 0 0 48c0 256.5 207.9 464 464 464a24 24 0 0 0 23.4-18.6l24-104a24.29 24.29 0 0 0-14.01-27.6z\"><\/path><\/svg>\t\t\t\t\t\t<\/span>\n\t\t\t\t\t\t\t\t\t\t<span class=\"elementor-icon-list-text\">664 631 6300 ext. 4023<\/span>\n\t\t\t\t\t\t\t\t\t<\/li>\n\t\t\t\t\t\t\t\t<li class=\"elementor-icon-list-item\">\n\t\t\t\t\t\t\t\t\t\t\t<span class=\"elementor-icon-list-icon\">\n\t\t\t\t\t\t\t<svg aria-hidden=\"true\" class=\"e-font-icon-svg e-fas-mail-bulk\" viewBox=\"0 0 576 512\" xmlns=\"http:\/\/www.w3.org\/2000\/svg\"><path d=\"M160 448c-25.6 0-51.2-22.4-64-32-64-44.8-83.2-60.8-96-70.4V480c0 17.67 14.33 32 32 32h256c17.67 0 32-14.33 32-32V345.6c-12.8 9.6-32 25.6-96 70.4-12.8 9.6-38.4 32-64 32zm128-192H32c-17.67 0-32 14.33-32 32v16c25.6 19.2 22.4 19.2 115.2 86.4 9.6 6.4 28.8 25.6 44.8 25.6s35.2-19.2 44.8-22.4c92.8-67.2 89.6-67.2 115.2-86.4V288c0-17.67-14.33-32-32-32zm256-96H224c-17.67 0-32 14.33-32 32v32h96c33.21 0 60.59 25.42 63.71 57.82l.29-.22V416h192c17.67 0 32-14.33 32-32V192c0-17.67-14.33-32-32-32zm-32 128h-64v-64h64v64zm-352-96c0-35.29 28.71-64 64-64h224V32c0-17.67-14.33-32-32-32H96C78.33 0 64 14.33 64 32v192h96v-32z\"><\/path><\/svg>\t\t\t\t\t\t<\/span>\n\t\t\t\t\t\t\t\t\t\t<span class=\"elementor-icon-list-text\">observamigracionyddhh@colef.mx<\/span>\n\t\t\t\t\t\t\t\t\t<\/li>\n\t\t\t\t\t\t<\/ul>\n\t\t\t\t<\/div>\n\t\t\t\t<\/div>\n\t\t\t\t<\/div>\n\t\t\t\t\t<\/div>\n\t\t\t\t<\/div>\n\t\t<div class=\"elementor-element elementor-element-2a85640 e-flex e-con-boxed e-con e-parent\" data-id=\"2a85640\" data-element_type=\"container\">\n\t\t\t\t\t<div class=\"e-con-inner\">\n\t\t\t\t<div class=\"elementor-element elementor-element-d11503c elementor-widget elementor-widget-qi_addons_for_elementor_separator\" data-id=\"d11503c\" data-element_type=\"widget\" data-widget_type=\"qi_addons_for_elementor_separator.default\">\n\t\t\t\t<div class=\"elementor-widget-container\">\n\t\t\t<div class=\"qodef-shortcode qodef-m  qodef-qi-separator qodef-qi-clear qodef-separator--standard \">\n\t<div class=\"qodef-m-line\"><\/div>\n<\/div>\n\t\t<\/div>\n\t\t\t\t<\/div>\n\t\t\t\t<div class=\"elementor-element elementor-element-1eda8c8 elementor-widget elementor-widget-image\" data-id=\"1eda8c8\" data-element_type=\"widget\" data-widget_type=\"image.default\">\n\t\t\t\t<div class=\"elementor-widget-container\">\n\t\t\t\t\t\t\t\t\t\t\t\t\t<img fetchpriority=\"high\" decoding=\"async\" width=\"768\" height=\"93\" src=\"https:\/\/observatorios.colef.mx\/opomidh\/wp-content\/uploads\/2024\/09\/Logo-pleca-Secihti-H-768x93.png\" class=\"attachment-medium_large size-medium_large wp-image-11668\" alt=\"\" srcset=\"https:\/\/observatorios.colef.mx\/opomidh\/wp-content\/uploads\/2024\/09\/Logo-pleca-Secihti-H-768x93.png 768w, https:\/\/observatorios.colef.mx\/opomidh\/wp-content\/uploads\/2024\/09\/Logo-pleca-Secihti-H-300x36.png 300w, https:\/\/observatorios.colef.mx\/opomidh\/wp-content\/uploads\/2024\/09\/Logo-pleca-Secihti-H-1024x124.png 1024w, https:\/\/observatorios.colef.mx\/opomidh\/wp-content\/uploads\/2024\/09\/Logo-pleca-Secihti-H-1536x186.png 1536w, https:\/\/observatorios.colef.mx\/opomidh\/wp-content\/uploads\/2024\/09\/Logo-pleca-Secihti-H-2048x248.png 2048w\" sizes=\"(max-width: 768px) 100vw, 768px\" \/>\t\t\t\t\t\t\t\t\t\t\t\t\t<\/div>\n\t\t\t\t<\/div>\n\t\t\t\t\t<\/div>\n\t\t\t\t<\/div>\n\t\t\t\t<\/div>\n\t\t<\/div>\n\t\t\t\t<\/div>\n\t\t\t\t<\/div>\n\t\t\t\t<\/div>\n\t\t\t\t<\/div>\n\t\t<div class=\"elementor-element elementor-element-8b29129 e-flex e-con-boxed e-con e-parent\" data-id=\"8b29129\" data-element_type=\"container\">\n\t\t\t\t\t<div class=\"e-con-inner\">\n\t\t\t\t\t<\/div>\n\t\t\t\t<\/div>\n\t\t\t\t<\/div>\n\t\t","protected":false},"excerpt":{"rendered":"<p>cronolog\u00eda: pol\u00edtica migratoria de ee.uu. Y SUs efectos EN LA REGI\u00d3N S\u00cdNTESIS SEMANAL del 26 DE AGOSTO AL 1 de SEPTIEMBRE PANORAMA MIGRATORIO Por el OPOMIDH1 de septiembre de 2026 Migraci\u00f3n en tr\u00e1nsito Durante la semana, este flujo mostr\u00f3: por un lado, el fortalecimiento de los controles y la persecuci\u00f3n de redes de tr\u00e1fico de [&hellip;]<\/p>\n","protected":false},"author":8,"featured_media":0,"comment_status":"closed","ping_status":"closed","sticky":false,"template":"elementor_header_footer","format":"standard","meta":{"_acf_changed":false,"footnotes":""},"categories":[136],"tags":[],"class_list":["post-49410","post","type-post","status-publish","format-standard","hentry","category-sintesis-diaria"],"acf":[],"_links":{"self":[{"href":"https:\/\/observatorios.colef.mx\/opomidh\/wp-json\/wp\/v2\/posts\/49410","targetHints":{"allow":["GET"]}}],"collection":[{"href":"https:\/\/observatorios.colef.mx\/opomidh\/wp-json\/wp\/v2\/posts"}],"about":[{"href":"https:\/\/observatorios.colef.mx\/opomidh\/wp-json\/wp\/v2\/types\/post"}],"author":[{"embeddable":true,"href":"https:\/\/observatorios.colef.mx\/opomidh\/wp-json\/wp\/v2\/users\/8"}],"replies":[{"embeddable":true,"href":"https:\/\/observatorios.colef.mx\/opomidh\/wp-json\/wp\/v2\/comments?post=49410"}],"version-history":[{"count":25,"href":"https:\/\/observatorios.colef.mx\/opomidh\/wp-json\/wp\/v2\/posts\/49410\/revisions"}],"predecessor-version":[{"id":49440,"href":"https:\/\/observatorios.colef.mx\/opomidh\/wp-json\/wp\/v2\/posts\/49410\/revisions\/49440"}],"wp:attachment":[{"href":"https:\/\/observatorios.colef.mx\/opomidh\/wp-json\/wp\/v2\/media?parent=49410"}],"wp:term":[{"taxonomy":"category","embeddable":true,"href":"https:\/\/observatorios.colef.mx\/opomidh\/wp-json\/wp\/v2\/categories?post=49410"},{"taxonomy":"post_tag","embeddable":true,"href":"https:\/\/observatorios.colef.mx\/opomidh\/wp-json\/wp\/v2\/tags?post=49410"}],"curies":[{"name":"wp","href":"https:\/\/api.w.org\/{rel}","templated":true}]}}