{"id":48193,"date":"2026-04-28T14:51:45","date_gmt":"2026-04-28T21:51:45","guid":{"rendered":"https:\/\/observatorios.colef.mx\/opomidh\/?p=48193"},"modified":"2026-04-29T09:15:50","modified_gmt":"2026-04-29T16:15:50","slug":"sintesis-semanal-politica-migratoria-y-ddhh-22-al-28-de-abril","status":"publish","type":"post","link":"https:\/\/observatorios.colef.mx\/opomidh\/2026\/04\/28\/sintesis-semanal-politica-migratoria-y-ddhh-22-al-28-de-abril\/","title":{"rendered":"S\u00edntesis Semanal: pol\u00edtica migratoria y DDHH (22 al 28 de abril)"},"content":{"rendered":"\t\t<div data-elementor-type=\"wp-post\" data-elementor-id=\"48193\" class=\"elementor elementor-48193\" data-elementor-post-type=\"post\">\n\t\t\t\t<div class=\"elementor-element elementor-element-6e4c961 e-flex e-con-boxed e-con e-parent\" data-id=\"6e4c961\" data-element_type=\"container\">\n\t\t\t\t\t<div class=\"e-con-inner\">\n\t\t\t\t<div class=\"elementor-element elementor-element-57c640e elementor-widget elementor-widget-heading\" data-id=\"57c640e\" data-element_type=\"widget\" data-widget_type=\"heading.default\">\n\t\t\t\t<div class=\"elementor-widget-container\">\n\t\t\t<h3 class=\"elementor-heading-title elementor-size-default\">cronolog\u00eda: pol\u00edtica migratoria <br>de ee.uu. Y SUs efectos EN LA REGI\u00d3N <\/h3>\t\t<\/div>\n\t\t\t\t<\/div>\n\t\t\t\t<div class=\"elementor-element elementor-element-d785c93 elementor-widget elementor-widget-shortcode\" data-id=\"d785c93\" data-element_type=\"widget\" data-widget_type=\"shortcode.default\">\n\t\t\t\t<div class=\"elementor-widget-container\">\n\t\t\t\t\t<div class=\"elementor-shortcode\"><iframe \n    src=\"https:\/\/cdn.knightlab.com\/libs\/timeline3\/latest\/embed\/index.html?source=v2%3A2PACX-1vTWsyGMraAP75stkjnEOXIb9BfCcqEhXXmxeJcoymFgNKW-Owp6qfjgyaUCK_pC2Ge1UEMBdHC0Amlb&font=Default&lang=en&initial_zoom=2&width=100%&height=650\" \n    width=\"100%\" \n    height=\"650\"\n    frameborder=\"0\"\n    allowfullscreen\n    webkitallowfullscreen\n    mozallowfullscreen>\n<\/iframe><\/div>\n\t\t\t\t<\/div>\n\t\t\t\t<\/div>\n\t\t\t\t<div class=\"elementor-element elementor-element-070a64e elementor-widget elementor-widget-heading\" data-id=\"070a64e\" data-element_type=\"widget\" data-widget_type=\"heading.default\">\n\t\t\t\t<div class=\"elementor-widget-container\">\n\t\t\t<h3 class=\"elementor-heading-title elementor-size-default\">S\u00cdNTESIS SEMANAL del 22 al 28 de abril <\/h3>\t\t<\/div>\n\t\t\t\t<\/div>\n\t\t\t\t<div class=\"elementor-element elementor-element-22e19f14 elementor-widget elementor-widget-text-editor\" data-id=\"22e19f14\" data-element_type=\"widget\" data-widget_type=\"text-editor.default\">\n\t\t\t\t<div class=\"elementor-widget-container\">\n\t\t\t\t\t\t\t<div class=\"qodef-e-text\"><h4>PANORAMA MIGRATORIO<\/h4><div class=\"elementor elementor-9171\" data-elementor-type=\"wp-post\" data-elementor-id=\"9171\" data-elementor-post-type=\"post\"><div class=\"elementor-element elementor-element-4963959d e-flex e-con-boxed e-con e-parent e-lazyloaded\" data-id=\"4963959d\" data-element_type=\"container\"><div class=\"e-con-inner\"><div class=\"elementor-element elementor-element-3b07f09e elementor-widget elementor-widget-text-editor\" data-id=\"3b07f09e\" data-element_type=\"widget\" data-widget_type=\"text-editor.default\"><div class=\"elementor-widget-container\">Por el OPOMIDH<\/div><div class=\"elementor-widget-container\">28 de abril de 2026<\/div><\/div><\/div><\/div><\/div><\/div><div class=\"qodef-e-bottom-holder\"><div class=\"qodef-shortcode qodef-m qodef-social-share clear qodef-layout--dropdown qodef-dropdown--right\"><p data-start=\"0\" data-end=\"881\"><strong data-start=\"0\" data-end=\"25\">Migraci\u00f3n en tr\u00e1nsito<\/strong><\/p><p data-start=\"0\" data-end=\"881\">Se mostr\u00f3 una reconfiguraci\u00f3n de la migraci\u00f3n en tr\u00e1nsito marcada por la persistencia de caravanas, la centralidad de la poblaci\u00f3n haitiana y el aumento de vulnerabilidades humanitarias. Mientras en la frontera norte Tijuana activ\u00f3 discursos de preparaci\u00f3n institucional y solidaridad ciudadana ante una posible nueva caravana, en el sur del pa\u00eds la caravana \u201cDavid\u201d se disolvi\u00f3 tras negociaciones con autoridades migratorias y por las duras condiciones clim\u00e1ticas en Chiapas. Al mismo tiempo, organismos y especialistas alertaron que una proporci\u00f3n significativa de quienes se desplazan por la regi\u00f3n son menores de edad expuestos a violencia, trata y abuso, evidenciando que el tr\u00e1nsito contin\u00faa siendo un corredor de alto riesgo. En paralelo, decisiones judiciales en Estados Unidos que frenan restricciones al asilo mantienen la frontera como espacio de disputa legal y pol\u00edtica.<\/p><p data-start=\"883\" data-end=\"1765\"><strong data-start=\"883\" data-end=\"898\">Inmigraci\u00f3n<\/strong><\/p><p data-start=\"883\" data-end=\"1765\">En materia de inmigraci\u00f3n predomin\u00f3 una tendencia al endurecimiento del aparato de control migratorio en Estados Unidos, acompa\u00f1ado de narrativas punitivas y modernizaci\u00f3n tecnol\u00f3gica. La administraci\u00f3n Trump impuls\u00f3 propuestas para ampliar sanciones extremas contra migrantes indocumentados vinculados a delitos graves, mientras el Departamento de Seguridad Nacional proyect\u00f3 nuevas herramientas biom\u00e9tricas, como gafas inteligentes para identificar personas en situaci\u00f3n irregular en tiempo real. A la par, surgieron intentos simb\u00f3licos de reposicionar la imagen p\u00fablica de ICE mediante propuestas de cambio de nombre, lo que refleja desgaste reputacional de la agencia. Fuera del plano coercitivo, el crecimiento sostenido de remesas hacia el Tri\u00e1ngulo Norte sugiere que, pese a mayores controles, la migraci\u00f3n sigue siendo un soporte econ\u00f3mico estructural para miles de hogares centroamericanos.<\/p><p data-start=\"1767\" data-end=\"2613\" data-is-last-node=\"\" data-is-only-node=\"\"><strong data-start=\"1767\" data-end=\"1782\">Deportaci\u00f3n<\/strong><\/p><p data-start=\"1767\" data-end=\"2613\" data-is-last-node=\"\" data-is-only-node=\"\">El comportamiento apunt\u00f3 a una intensificaci\u00f3n acelerada y diversificada de las expulsiones desde Estados Unidos. Los datos mostraron un aumento sustancial de vuelos de deportaci\u00f3n hacia Guatemala y Honduras, as\u00ed como un crecimiento extraordinario de retornos forzados hacia Nicaragua, consolidando a Centroam\u00e9rica como principal destino de las remociones. Paralelamente, aparecieron modalidades m\u00e1s severas y controvertidas, como traslados de latinoamericanos a terceros pa\u00edses africanos, lo que ampl\u00eda el alcance geogr\u00e1fico de las expulsiones. Tambi\u00e9n se reportaron medidas para acelerar procesos contra menores migrantes bajo custodia federal, reduciendo tiempos de defensa legal. En conjunto, la deportaci\u00f3n dej\u00f3 de ser solo un mecanismo administrativo para convertirse en eje central de disuasi\u00f3n migratoria.<\/p><\/div><\/div>\t\t\t\t\t\t<\/div>\n\t\t\t\t<\/div>\n\t\t\t\t<div class=\"elementor-element elementor-element-0c225b2 elementor-widget elementor-widget-heading\" data-id=\"0c225b2\" data-element_type=\"widget\" data-widget_type=\"heading.default\">\n\t\t\t\t<div class=\"elementor-widget-container\">\n\t\t\t<h3 class=\"elementor-heading-title elementor-size-default\">migraci\u00f3n en tr\u00e1nsito<\/h3>\t\t<\/div>\n\t\t\t\t<\/div>\n\t\t\t\t<div class=\"elementor-element elementor-element-7790e92 elementor-widget elementor-widget-text-editor\" data-id=\"7790e92\" data-element_type=\"widget\" data-widget_type=\"text-editor.default\">\n\t\t\t\t<div class=\"elementor-widget-container\">\n\t\t\t\t\t\t\t<p class=\"a_t\"><strong><span data-sheets-root=\"1\">Tijuana, lista y solidaria ante posible llegada de caravana migrante haitiana: Portela<\/span><\/strong><\/p><p>Por Redacci\u00f3n N\u00f3madas \/N\u00f3madas<\/p><p>24 de abril de 2026<\/p><p>Tijuana.- Ante la posible llegada de una nueva caravana migrante de personas haitianas, proveniente del sur del pa\u00eds, la representante de Proyectos Salesiano Tijuana, Claudia Portela, asegur\u00f3 que esta ciudad cuenta con experiencia y capacidad de respuesta para atender a personas en contexto de movilidad. En entrevista se\u00f1al\u00f3 que, si bien, en 2016 que se dio el \u00e9xodo de los haitianos, la ciudad quiz\u00e1 no estaba preparada del todo, sin embargo, supo responder, por lo que ahora cree que sin duda no solo la ciudad, sino la propia ciudadan\u00eda est\u00e1 en condiciones para poder recibir a las personas que eventualmente lleguen ac\u00e1.<\/p>\t\t\t\t\t\t<\/div>\n\t\t\t\t<\/div>\n\t\t\t\t<div class=\"elementor-element elementor-element-7d3daef elementor-widget elementor-widget-button\" data-id=\"7d3daef\" data-element_type=\"widget\" data-widget_type=\"button.default\">\n\t\t\t\t<div class=\"elementor-widget-container\">\n\t\t\t\t\t<div class=\"elementor-button-wrapper\">\n\t\t\t<a class=\"elementor-button elementor-button-link elementor-size-sm\" href=\"https:\/\/nomadaspress.com\/tijuana-lista-y-solidaria-ante-posible-llegada-de-caravana-migrante-haitiana-portela\/\" target=\"_blank\">\n\t\t\t\t\t\t<span class=\"elementor-button-content-wrapper\">\n\t\t\t\t\t\t\t\t\t<span class=\"elementor-button-text\">Ver nota<\/span>\n\t\t\t\t\t<\/span>\n\t\t\t\t\t<\/a>\n\t\t<\/div>\n\t\t\t\t<\/div>\n\t\t\t\t<\/div>\n\t\t\t\t<div class=\"elementor-element elementor-element-ad439d2 elementor-widget elementor-widget-text-editor\" data-id=\"ad439d2\" data-element_type=\"widget\" data-widget_type=\"text-editor.default\">\n\t\t\t\t<div class=\"elementor-widget-container\">\n\t\t\t\t\t\t\t<p><strong>Uno de cada tres migrantes de Centroam\u00e9rica es menor de edad<\/strong><\/p><p>Por Carolina G\u00f3mez Mena \/ La Jornada<\/p><p>25 de abril de 2026<\/p><p class=\"nota-justify\">M\u00e9xico.- En M\u00e9xico y Centroam\u00e9rica, una de cada tres personas migrantes es ni\u00f1a, ni\u00f1o o adolescente (NNA) y m\u00e1s de 60 por ciento de las infancias migrantes han estado expuestas a alg\u00fan tipo de violencia, a la vez que existe alto riesgo de trata y violencia sexual, sobre todo para las ni\u00f1as y adolescentes.<\/p><p class=\"nota-justify\">Ello lo plantearon participantes en la presentaci\u00f3n del Informe comparativo sobre los Sistemas Nacionales de Protecci\u00f3n para NNA en contextos de movilidad humana en M\u00e9xico, Guatemala, Honduras y El Salvador.<\/p>\t\t\t\t\t\t<\/div>\n\t\t\t\t<\/div>\n\t\t\t\t<div class=\"elementor-element elementor-element-7f80e85 elementor-widget elementor-widget-button\" data-id=\"7f80e85\" data-element_type=\"widget\" data-widget_type=\"button.default\">\n\t\t\t\t<div class=\"elementor-widget-container\">\n\t\t\t\t\t<div class=\"elementor-button-wrapper\">\n\t\t\t<a class=\"elementor-button elementor-button-link elementor-size-sm\" href=\"https:\/\/www.jornada.com.mx\/noticia\/2026\/04\/25\/politica\/uno-de-cada-tres-migrantes-de-centroamerica-es-menor-de-edad\" target=\"_blank\">\n\t\t\t\t\t\t<span class=\"elementor-button-content-wrapper\">\n\t\t\t\t\t\t\t\t\t<span class=\"elementor-button-text\">Ver nota<\/span>\n\t\t\t\t\t<\/span>\n\t\t\t\t\t<\/a>\n\t\t<\/div>\n\t\t\t\t<\/div>\n\t\t\t\t<\/div>\n\t\t\t\t<div class=\"elementor-element elementor-element-e1486fe elementor-widget elementor-widget-text-editor\" data-id=\"e1486fe\" data-element_type=\"widget\" data-widget_type=\"text-editor.default\">\n\t\t\t\t<div class=\"elementor-widget-container\">\n\t\t\t\t\t\t\t<p><strong>Corte federal rechaza el intento de Trump de impedir que los migrantes soliciten asilo en la frontera<\/strong><\/p><p>Por <span class=\"byline__name vossi-byline__name\">Devan Cole<\/span>\u00a0\/ CNN EE.UU.<\/p><p>24 de abril de 2026<\/p><p>Washington.- Un tribunal federal de apelaciones rechaz\u00f3 este viernes \u2014en una opini\u00f3n dividida\u2014 el intento del presidente Donald Trump de impedir unilateralmente que los migrantes que cruzan la frontera entre Estados Unidos y M\u00e9xico soliciten asilo all\u00ed, lo que prepara el escenario para un probable enfrentamiento sobre esta pol\u00edtica ante la Corte Suprema. La decisi\u00f3n, adoptada por 2 votos a favor y 1 en contra, constituye una derrota significativa para la agenda migratoria de Trump. Funcionarios de la administraci\u00f3n citaron reiteradamente un decreto emitido por Trump en su primer d\u00eda de regreso al cargo \u2014que buscaba poner fin al asilo por cualquier medio\u2014 al destacar la dr\u00e1stica disminuci\u00f3n de los cruces irregulares a lo largo de la frontera sur.<\/p>\t\t\t\t\t\t<\/div>\n\t\t\t\t<\/div>\n\t\t\t\t<div class=\"elementor-element elementor-element-919e037 elementor-widget elementor-widget-button\" data-id=\"919e037\" data-element_type=\"widget\" data-widget_type=\"button.default\">\n\t\t\t\t<div class=\"elementor-widget-container\">\n\t\t\t\t\t<div class=\"elementor-button-wrapper\">\n\t\t\t<a class=\"elementor-button elementor-button-link elementor-size-sm\" href=\"https:\/\/cnnespanol.cnn.com\/2026\/04\/24\/eeuu\/trump-corte-migrantes-asilo-frontera-trax\" target=\"_blank\">\n\t\t\t\t\t\t<span class=\"elementor-button-content-wrapper\">\n\t\t\t\t\t\t\t\t\t<span class=\"elementor-button-text\">Ver nota<\/span>\n\t\t\t\t\t<\/span>\n\t\t\t\t\t<\/a>\n\t\t<\/div>\n\t\t\t\t<\/div>\n\t\t\t\t<\/div>\n\t\t\t\t<div class=\"elementor-element elementor-element-7861e0e elementor-widget elementor-widget-text-editor\" data-id=\"7861e0e\" data-element_type=\"widget\" data-widget_type=\"text-editor.default\">\n\t\t\t\t<div class=\"elementor-widget-container\">\n\t\t\t\t\t\t\t<p><strong style=\"letter-spacing: -0.015em;\">Caravana migrante \u00abDavid\u00bb queda disuelta despu\u00e9s de una semana<\/strong><\/p><p>Por Lizbeth Leyte \/ MegaNoticias<\/p><p>27 de abril de 2026<\/p><p>Tuxtla.- Despu\u00e9s de permanecer durante los d\u00edas 25 y 26 de abril en el municipio de Mapastepec, la caravana \u00abDavid\u00bb, finalmente fue disuelta, esto al llegar a acuerdos con autoridades migratorias, para ser trasladados a otros estados del pa\u00eds para continuar con sus tr\u00e1mites correspondientes. Las condiciones climatol\u00f3gicas, fue el principal motivo por el cual, migrantes decidieron no continuar su andar por la carretera costera debido a que las temperaturas han superado los 40 grados. Las y los extranjeros, en su mayor\u00eda de Hait\u00ed, caminaron por la carretera Costera m\u00e1s de cien kil\u00f3metros en seis d\u00edas desde Tapachula a Mapastepec en Chiapas.<\/p>\t\t\t\t\t\t<\/div>\n\t\t\t\t<\/div>\n\t\t\t\t<div class=\"elementor-element elementor-element-4370367 elementor-widget elementor-widget-button\" data-id=\"4370367\" data-element_type=\"widget\" data-widget_type=\"button.default\">\n\t\t\t\t<div class=\"elementor-widget-container\">\n\t\t\t\t\t<div class=\"elementor-button-wrapper\">\n\t\t\t<a class=\"elementor-button elementor-button-link elementor-size-sm\" href=\"https:\/\/www.meganoticias.mx\/tuxtla-gutierrez\/noticia\/caravana-migrante-david-queda-disuelta-despues-de-una-semana\/729902\" target=\"_blank\">\n\t\t\t\t\t\t<span class=\"elementor-button-content-wrapper\">\n\t\t\t\t\t\t\t\t\t<span class=\"elementor-button-text\">Ver nota<\/span>\n\t\t\t\t\t<\/span>\n\t\t\t\t\t<\/a>\n\t\t<\/div>\n\t\t\t\t<\/div>\n\t\t\t\t<\/div>\n\t\t\t\t<div class=\"elementor-element elementor-element-f0fff1d elementor-widget elementor-widget-heading\" data-id=\"f0fff1d\" data-element_type=\"widget\" data-widget_type=\"heading.default\">\n\t\t\t\t<div class=\"elementor-widget-container\">\n\t\t\t<h3 class=\"elementor-heading-title elementor-size-default\">Inmigraci\u00f3n<\/h3>\t\t<\/div>\n\t\t\t\t<\/div>\n\t\t\t\t<div class=\"elementor-element elementor-element-1884366 elementor-widget elementor-widget-text-editor\" data-id=\"1884366\" data-element_type=\"widget\" data-widget_type=\"text-editor.default\">\n\t\t\t\t<div class=\"elementor-widget-container\">\n\t\t\t\t\t\t\t<p><strong>EU quiere fusilar a migrantes sin papeles que cometan homicidio<\/strong><\/p><p>Por \u00c1ngel Santamar\u00eda \/ El Universal<\/p><p>25 de abril de 2026<\/p><p>Estados Unidos.- El gobierno de\u00a0Donald Trump\u00a0busca la\u00a0pena de muerte\u00a0para los \u201casesinatos cometidos por\u00a0migrantes\u00a0que se encuentran ilegalmente en\u00a0Estados Unidos\u201d. En el reporte sobre el Restablecimiento y fortalecimiento de la pena de muerte federal, publicado por el\u00a0Departamento de Justicia, se menciona que \u201cdeber\u00eda considerar la posibilidad de proponer legislaci\u00f3n para corregir las lagunas y deficiencias en la autorizaci\u00f3n de la pena capital para los\u00a0cr\u00edmenes\u00a0m\u00e1s atroces, incluidos, entre otros, los asesinatos de agentes del orden; los asesinatos cometidos por migrantes que se encuentran ilegalmente en Estados Unidos; y los asesinatos que constituyan o se cometan en la comisi\u00f3n de delitos de odio, acoso, apoyo material al terrorismo o violencia dom\u00e9stica\u201d.<\/p>\t\t\t\t\t\t<\/div>\n\t\t\t\t<\/div>\n\t\t\t\t<div class=\"elementor-element elementor-element-104f535 elementor-widget elementor-widget-button\" data-id=\"104f535\" data-element_type=\"widget\" data-widget_type=\"button.default\">\n\t\t\t\t<div class=\"elementor-widget-container\">\n\t\t\t\t\t<div class=\"elementor-button-wrapper\">\n\t\t\t<a class=\"elementor-button elementor-button-link elementor-size-sm\" href=\"https:\/\/www.eluniversal.com.mx\/mundo\/eu-quiere-fusilar-a-migrantes-sin-papeles-que-cometan-homicidio\/?outputType=amp\" target=\"_blank\">\n\t\t\t\t\t\t<span class=\"elementor-button-content-wrapper\">\n\t\t\t\t\t\t\t\t\t<span class=\"elementor-button-text\">Ver nota<\/span>\n\t\t\t\t\t<\/span>\n\t\t\t\t\t<\/a>\n\t\t<\/div>\n\t\t\t\t<\/div>\n\t\t\t\t<\/div>\n\t\t\t\t<div class=\"elementor-element elementor-element-0453ed0 elementor-widget elementor-widget-text-editor\" data-id=\"0453ed0\" data-element_type=\"widget\" data-widget_type=\"text-editor.default\">\n\t\t\t\t<div class=\"elementor-widget-container\">\n\t\t\t\t\t\t\t<p><strong>Las remesas hacia el Tri\u00e1ngulo Norte crecen mientras caen las aprehensiones migratorias<\/strong><\/p><p>Por Thania Ur\u00edas \/ Infobae<\/p><p>22 de abril de 2026<\/p><p>El Salvador.- El\u00a0env\u00edo de remesas al Tri\u00e1ngulo Norte de Centroam\u00e9rica\u00a0registr\u00f3 un crecimiento sostenido en el inicio de 2026. Entre enero y febrero, el flujo total hacia\u00a0El Salvador, Guatemala y Honduras\u00a0alcanz\u00f3 los\u00a0USD 7,183.3 millones, de acuerdo con datos de la\u00a0Organizaci\u00f3n Internacional para las Migraciones (OIM). Guatemala se posicion\u00f3 como el principal receptor, acumulando\u00a0USD 3,848.6 millones, lo que representa el\u00a053,6%\u00a0del total. Honduras ocup\u00f3 el segundo lugar, con\u00a0USD 1,809.9 millones\u00a0(25,2%), y El Salvador recibi\u00f3\u00a0USD 1,524.8 millones\u00a0(21,2%).<\/p>\t\t\t\t\t\t<\/div>\n\t\t\t\t<\/div>\n\t\t\t\t<div class=\"elementor-element elementor-element-9c500bc elementor-widget elementor-widget-button\" data-id=\"9c500bc\" data-element_type=\"widget\" data-widget_type=\"button.default\">\n\t\t\t\t<div class=\"elementor-widget-container\">\n\t\t\t\t\t<div class=\"elementor-button-wrapper\">\n\t\t\t<a class=\"elementor-button elementor-button-link elementor-size-sm\" href=\"https:\/\/www.infobae.com\/el-salvador\/2026\/04\/22\/las-remesas-hacia-el-triangulo-norte-crecen-mientras-caen-las-aprehensiones-migratorias\/\" target=\"_blank\">\n\t\t\t\t\t\t<span class=\"elementor-button-content-wrapper\">\n\t\t\t\t\t\t\t\t\t<span class=\"elementor-button-text\">Ver nota<\/span>\n\t\t\t\t\t<\/span>\n\t\t\t\t\t<\/a>\n\t\t<\/div>\n\t\t\t\t<\/div>\n\t\t\t\t<\/div>\n\t\t\t\t<div class=\"elementor-element elementor-element-1db838e elementor-widget elementor-widget-text-editor\" data-id=\"1db838e\" data-element_type=\"widget\" data-widget_type=\"text-editor.default\">\n\t\t\t\t<div class=\"elementor-widget-container\">\n\t\t\t\t\t\t\t<p><strong>\u00bfGafas inteligentes para agentes migratorios? El DHS apuesta por tecnolog\u00eda biom\u00e9trica para 2027<\/strong><\/p><p>Por Redacci\u00f3n \/ El Diario New York<\/p><p>25 de abril de 2026<\/p><p>Estados Unidos.- El Departamento de Seguridad Nacional\u00a0(DHS) prev\u00e9 destinar\u00a0$7.5 millones de d\u00f3lares\u00a0el pr\u00f3ximo a\u00f1o al desarrollo de\u00a0tecnolog\u00eda biom\u00e9trica\u00a0emergente para crear\u00a0\u201cgafas inteligentes\u201d que permitir\u00edan a agentes federales de inmigraci\u00f3n identificar en tiempo real a personas que se encuentren en situaci\u00f3n irregular en Estados Unidos. El proyecto forma parte de la propuesta presupuestaria del presidente\u00a0Donald Trump\u00a0para el a\u00f1o fiscal 2027, que contempla inversiones en tecnolog\u00edas, herramientas anal\u00edticas y sistemas de datos orientados a reforzar la capacidad del DHS para localizar, detener y\u00a0expulsar a migrantes sin estatus legal en el pa\u00eds.<\/p>\t\t\t\t\t\t<\/div>\n\t\t\t\t<\/div>\n\t\t\t\t<div class=\"elementor-element elementor-element-e265e57 elementor-widget elementor-widget-button\" data-id=\"e265e57\" data-element_type=\"widget\" data-widget_type=\"button.default\">\n\t\t\t\t<div class=\"elementor-widget-container\">\n\t\t\t\t\t<div class=\"elementor-button-wrapper\">\n\t\t\t<a class=\"elementor-button elementor-button-link elementor-size-sm\" href=\"https:\/\/eldiariony.com\/2026\/04\/25\/gafas-inteligentes-para-agentes-migratorios-el-dhs-apuesta-por-tecnologia-biometrica-para-2027\/\" target=\"_blank\">\n\t\t\t\t\t\t<span class=\"elementor-button-content-wrapper\">\n\t\t\t\t\t\t\t\t\t<span class=\"elementor-button-text\">Ver nota<\/span>\n\t\t\t\t\t<\/span>\n\t\t\t\t\t<\/a>\n\t\t<\/div>\n\t\t\t\t<\/div>\n\t\t\t\t<\/div>\n\t\t\t\t<div class=\"elementor-element elementor-element-06d1b59 elementor-widget elementor-widget-text-editor\" data-id=\"06d1b59\" data-element_type=\"widget\" data-widget_type=\"text-editor.default\">\n\t\t\t\t<div class=\"elementor-widget-container\">\n\t\t\t\t\t\t\t<p class=\"title font-bold \"><strong>De ICE a NICE: iniciativa busca mejorar la imagen de la agencia migratoria; Trump apoya el cambio de nombre<\/strong><\/p><p>Por Redacci\u00f3n \/ El Universal<\/p><p>27 de abril de 2026<\/p><p class=\"sc__font-paragraph\">Estados Unidos.- El presidente estadounidense, Donald Trump, expres\u00f3 su apoyo a una iniciativa para cambiar el nombre del Servicio de Inmigraci\u00f3n y Control de Aduanas (ICE, por sus siglas en ingl\u00e9s), al de Servicio Nacional de Inmigraci\u00f3n y Control de Aduanas (NICE, que en ingl\u00e9s significa lindo, o amable), en momentos en que la instituci\u00f3n no es precisamente la m\u00e1s popular, al estar involucrada en pol\u00e9micas redadas que han desatado indignaci\u00f3n a nivel internacional. La idea surgi\u00f3 de una usuaria de redes sociales, Alyssa Marleen, quien en X public\u00f3 el siguiente mensaje: \u00abQuiero que Trump cambie ICE a NICE (National Immigration and Customs Enforcement), para que los medios tengan que decir \u2018agentes NICE\u2019 todo el d\u00eda, todos los d\u00edas\u201c.<\/p>\t\t\t\t\t\t<\/div>\n\t\t\t\t<\/div>\n\t\t\t\t<div class=\"elementor-element elementor-element-318e1a8 elementor-widget elementor-widget-button\" data-id=\"318e1a8\" data-element_type=\"widget\" data-widget_type=\"button.default\">\n\t\t\t\t<div class=\"elementor-widget-container\">\n\t\t\t\t\t<div class=\"elementor-button-wrapper\">\n\t\t\t<a class=\"elementor-button elementor-button-link elementor-size-sm\" href=\"https:\/\/www.eluniversal.com.mx\/mundo\/de-ice-a-nice-iniciativa-busca-mejorar-la-imagen-de-la-agencia-migratoria-trump-apoya-el-cambio-de-nombre\/\" target=\"_blank\">\n\t\t\t\t\t\t<span class=\"elementor-button-content-wrapper\">\n\t\t\t\t\t\t\t\t\t<span class=\"elementor-button-text\">Ver nota<\/span>\n\t\t\t\t\t<\/span>\n\t\t\t\t\t<\/a>\n\t\t<\/div>\n\t\t\t\t<\/div>\n\t\t\t\t<\/div>\n\t\t\t\t<div class=\"elementor-element elementor-element-3e6e58d elementor-widget elementor-widget-heading\" data-id=\"3e6e58d\" data-element_type=\"widget\" data-widget_type=\"heading.default\">\n\t\t\t\t<div class=\"elementor-widget-container\">\n\t\t\t<h3 class=\"elementor-heading-title elementor-size-default\">deportaci\u00f3n<\/h3>\t\t<\/div>\n\t\t\t\t<\/div>\n\t\t\t\t<div class=\"elementor-element elementor-element-3912d9e elementor-widget elementor-widget-text-editor\" data-id=\"3912d9e\" data-element_type=\"widget\" data-widget_type=\"text-editor.default\">\n\t\t\t\t<div class=\"elementor-widget-container\">\n\t\t\t\t\t\t\t<p class=\"headline\"><strong>\u00a1Deportados al Congo! Peruanos enviados a \u00c1frica viven encadenados y sin salida en pol\u00e9mica medida migratoria de EE. UU.<\/strong><\/p><p>Por Redacci\u00f3n Trome \/ Trome\u00a0<\/p><p>28 de abril de 2026<\/p><p>Estados Unidos.- La pol\u00edtica migratoria de Estados Unidos\u00a0sum\u00f3 un episodio que ha encendido las alertas en la regi\u00f3n. Un grupo de ciudadanos latinoamericanos, entre ellos\u00a0cuatro peruanos, fue trasladado sin previo aviso a\u00a0\u00c1frica, en una decisi\u00f3n que rompe con los esquemas habituales de deportaci\u00f3n y deja m\u00e1s preguntas que respuestas. El destino fue la Rep\u00fablica Democr\u00e1tica del Congo, un pa\u00eds lejano no solo en distancia, sino tambi\u00e9n en condiciones sociales y econ\u00f3micas. El traslado se dio en medio de un endurecimiento de medidas impulsadas por la administraci\u00f3n de Donald Trump, que opt\u00f3 por enviar a los migrantes a un tercer pa\u00eds en lugar de retornarlos a sus lugares de origen.<\/p>\t\t\t\t\t\t<\/div>\n\t\t\t\t<\/div>\n\t\t\t\t<div class=\"elementor-element elementor-element-b2174b7 elementor-widget elementor-widget-button\" data-id=\"b2174b7\" data-element_type=\"widget\" data-widget_type=\"button.default\">\n\t\t\t\t<div class=\"elementor-widget-container\">\n\t\t\t\t\t<div class=\"elementor-button-wrapper\">\n\t\t\t<a class=\"elementor-button elementor-button-link elementor-size-sm\" href=\"https:\/\/trome.com\/actualidad\/internacional\/deportados-al-congo-peruanos-enviados-a-africa-viven-encadenados-y-sin-salida-en-polemica-medida-migratoria-de-eeuu-video-noticia\/\" target=\"_blank\">\n\t\t\t\t\t\t<span class=\"elementor-button-content-wrapper\">\n\t\t\t\t\t\t\t\t\t<span class=\"elementor-button-text\">Ver nota<\/span>\n\t\t\t\t\t<\/span>\n\t\t\t\t\t<\/a>\n\t\t<\/div>\n\t\t\t\t<\/div>\n\t\t\t\t<\/div>\n\t\t\t\t<div class=\"elementor-element elementor-element-c8573b3 elementor-widget elementor-widget-text-editor\" data-id=\"c8573b3\" data-element_type=\"widget\" data-widget_type=\"text-editor.default\">\n\t\t\t\t<div class=\"elementor-widget-container\">\n\t\t\t\t\t\t\t<p><strong>Guatemala y Honduras encabezan los vuelos con deportados desde Estados Unidos<\/strong><\/p><p>Por Katlen Urquilla \/ Infobae<\/p><p>27 de abril de 2026<\/p><p>Estados Unidos.- En marzo de 2026, Estados Unidos ejecut\u00f3 225 vuelos de deportaci\u00f3n, superando ampliamente los registros del a\u00f1o anterior y consolidando a Guatemala y Honduras como los principales destinos de expulsi\u00f3n de migrantes, dentro de una estrategia migratoria marcada por el aumento de los traslados, seg\u00fan el informe <i>Ice Flight Monitor<\/i>\u00a0divulgado por la organizaci\u00f3n de derechos humanos\u00a0Human Rights First\u00a0y citado por el portal\u00a0<i>Centroam\u00e9rica 360<\/i>. Uno de los datos m\u00e1s ilustrativos de esta tendencia es que\u00a0en el caso de Guatemala, los viajes de deportaci\u00f3n aumentaron un 40% y el n\u00famero de personas expulsadas se duplic\u00f3 respecto a marzo de 2025. Solo durante ese mes, se registraron\u00a049 vuelos hacia Guatemala con 4,871 ciudadanos retornados, lo que representa un promedio de\u00a099 deportados por vuelo, seg\u00fan la publicaci\u00f3n.<\/p>\t\t\t\t\t\t<\/div>\n\t\t\t\t<\/div>\n\t\t\t\t<div class=\"elementor-element elementor-element-d1e939d elementor-widget elementor-widget-button\" data-id=\"d1e939d\" data-element_type=\"widget\" data-widget_type=\"button.default\">\n\t\t\t\t<div class=\"elementor-widget-container\">\n\t\t\t\t\t<div class=\"elementor-button-wrapper\">\n\t\t\t<a class=\"elementor-button elementor-button-link elementor-size-sm\" href=\"https:\/\/www.infobae.com\/honduras\/2026\/04\/27\/guatemala-y-honduras-encabezan-los-vuelos-con-deportados-desde-estados-unidos\/#:~:text=Honduras\" target=\"_blank\">\n\t\t\t\t\t\t<span class=\"elementor-button-content-wrapper\">\n\t\t\t\t\t\t\t\t\t<span class=\"elementor-button-text\">Ver nota<\/span>\n\t\t\t\t\t<\/span>\n\t\t\t\t\t<\/a>\n\t\t<\/div>\n\t\t\t\t<\/div>\n\t\t\t\t<\/div>\n\t\t\t\t<div class=\"elementor-element elementor-element-8bf45f0 elementor-widget elementor-widget-text-editor\" data-id=\"8bf45f0\" data-element_type=\"widget\" data-widget_type=\"text-editor.default\">\n\t\t\t\t<div class=\"elementor-widget-container\">\n\t\t\t\t\t\t\t<p class=\"article-heading css-1nfgtt7 e1j37txl0\" tabindex=\"-1\"><strong>Deportaciones sin precedentes: M\u00e1s 3000 nicas expulsados de EE. UU. en 2026<\/strong><\/p><p>Por Redacci\u00f3n \/ Confidencial 30<\/p><p>24 de abril de 2026<\/p><p>Estados Unidos.- La Administraci\u00f3n de Donald Trump deport\u00f3 a m\u00e1s de 3122 nicarag\u00fcenses en las primeras 15 semanas de 2026, una cifra que quintuplica a los 600 connacionales expulsados en el mismo per\u00edodo de 2025 y muestra un aumento exponencial de las deportaciones desde Estados Unidos. Los nicarag\u00fcenses fueron enviados al Aeropuerto Internacional Augusto C. Sandino a bordo de 26 vuelos, inform\u00f3 la oeneg\u00e9 Human Right First que monitorea los vuelos del Servicio de Inmigraci\u00f3n y Control de Aduanas de los Estados Unidos (ICE). Antes de Trump, Nicaragua recib\u00eda dos vuelos mensuales con deportados, pero bajo esta nueva administraci\u00f3n recibe dos semanales: los d\u00edas jueves y s\u00e1bados.\u00a0<\/p>\t\t\t\t\t\t<\/div>\n\t\t\t\t<\/div>\n\t\t\t\t<div class=\"elementor-element elementor-element-8ae65d3 elementor-widget elementor-widget-button\" data-id=\"8ae65d3\" data-element_type=\"widget\" data-widget_type=\"button.default\">\n\t\t\t\t<div class=\"elementor-widget-container\">\n\t\t\t\t\t<div class=\"elementor-button-wrapper\">\n\t\t\t<a class=\"elementor-button elementor-button-link elementor-size-sm\" href=\"https:\/\/confidencial.digital\/nacion\/deportaciones-sin-precedentes-mas-3000-nicas-expulsados-de-ee-uu-en-2026\/#:~:text=Deportaciones%20sin%20precedentes%3A%20M%C3%A1s%203000,en%202026\" target=\"_blank\">\n\t\t\t\t\t\t<span class=\"elementor-button-content-wrapper\">\n\t\t\t\t\t\t\t\t\t<span class=\"elementor-button-text\">Ver nota<\/span>\n\t\t\t\t\t<\/span>\n\t\t\t\t\t<\/a>\n\t\t<\/div>\n\t\t\t\t<\/div>\n\t\t\t\t<\/div>\n\t\t\t\t<div class=\"elementor-element elementor-element-ba3e5de elementor-widget elementor-widget-text-editor\" data-id=\"ba3e5de\" data-element_type=\"widget\" data-widget_type=\"text-editor.default\">\n\t\t\t\t<div class=\"elementor-widget-container\">\n\t\t\t\t\t\t\t<p class=\"a_t\"><strong>Administraci\u00f3n Trump toma medidas para acelerar deportaci\u00f3n de ni\u00f1os migrantes que est\u00e1n bajo custodia<\/strong><\/p><p>Por \u00a0Jerald Jim\u00e9nez \/ El Diario New York<\/p><p>28 de abril de 2026<\/p><p>Estados Unidos.- La administraci\u00f3n Trump est\u00e1 implementando medidas para agilizar la deportaci\u00f3n de ni\u00f1os migrantes bajo custodia federal, y es que seg\u00fan funcionarios de la administraci\u00f3n y abogados defensores, la Casa Blanca presiona hacer estas expulsiones adelantando procesos judiciales que anteriormente pod\u00edan tomar meses o a\u00f1os. De acuerdo con informaci\u00f3n de CNN, las audiencias de inmigraci\u00f3n, donde se decide si un ni\u00f1o puede permanecer en el pa\u00eds o ser deportado, se est\u00e1n reprogramando con semanas o incluso meses de antelaci\u00f3n, lo que dificulta que los abogados obtengan protecciones legales en un sistema que ya es complejo.<\/p>\t\t\t\t\t\t<\/div>\n\t\t\t\t<\/div>\n\t\t\t\t<div class=\"elementor-element elementor-element-6e8c7d3 elementor-widget elementor-widget-button\" data-id=\"6e8c7d3\" data-element_type=\"widget\" data-widget_type=\"button.default\">\n\t\t\t\t<div class=\"elementor-widget-container\">\n\t\t\t\t\t<div class=\"elementor-button-wrapper\">\n\t\t\t<a class=\"elementor-button elementor-button-link elementor-size-sm\" href=\"https:\/\/eldiariony.com\/2026\/04\/28\/administracion-trump-toma-medidas-para-acelerar-deportacion-de-ninos-migrantes-que-estan-bajo-custodia\/\" target=\"_blank\">\n\t\t\t\t\t\t<span class=\"elementor-button-content-wrapper\">\n\t\t\t\t\t\t\t\t\t<span class=\"elementor-button-text\">Ver nota<\/span>\n\t\t\t\t\t<\/span>\n\t\t\t\t\t<\/a>\n\t\t<\/div>\n\t\t\t\t<\/div>\n\t\t\t\t<\/div>\n\t\t\t\t\t<\/div>\n\t\t\t\t<\/div>\n\t\t<div class=\"elementor-element elementor-element-02619d2 e-con-full e-flex e-con e-parent\" data-id=\"02619d2\" data-element_type=\"container\">\n\t\t<div class=\"elementor-element elementor-element-0dfd19d e-con-full e-flex e-con e-child\" data-id=\"0dfd19d\" data-element_type=\"container\">\n\t\t\t\t<div class=\"elementor-element elementor-element-1eeed82 elementor-widget elementor-widget-shortcode\" data-id=\"1eeed82\" data-element_type=\"widget\" data-widget_type=\"shortcode.default\">\n\t\t\t\t<div class=\"elementor-widget-container\">\n\t\t\t\t\t<div class=\"elementor-shortcode\">\t\t<div data-elementor-type=\"section\" data-elementor-id=\"7418\" class=\"elementor elementor-7418\" data-elementor-post-type=\"elementor_library\">\n\t\t\t<div class=\"elementor-element elementor-element-4db2b2cc e-flex e-con-boxed e-con e-parent\" data-id=\"4db2b2cc\" data-element_type=\"container\" data-settings=\"{&quot;background_background&quot;:&quot;classic&quot;}\">\n\t\t\t\t\t<div class=\"e-con-inner\">\n\t\t<div class=\"elementor-element elementor-element-2db807c5 e-con-full e-flex e-con e-child\" data-id=\"2db807c5\" data-element_type=\"container\">\n\t\t\t\t<div class=\"elementor-element elementor-element-402cea03 elementor-widget__width-inherit elementor-widget elementor-widget-image\" data-id=\"402cea03\" data-element_type=\"widget\" data-widget_type=\"image.default\">\n\t\t\t\t<div class=\"elementor-widget-container\">\n\t\t\t\t\t\t\t\t\t\t\t\t\t<img decoding=\"async\" width=\"250\" height=\"65\" src=\"https:\/\/observatorios.colef.mx\/opomidh\/wp-content\/uploads\/2024\/09\/1.png\" class=\"attachment-full size-full wp-image-7156\" alt=\"\" \/>\t\t\t\t\t\t\t\t\t\t\t\t\t<\/div>\n\t\t\t\t<\/div>\n\t\t\t\t<div class=\"elementor-element elementor-element-4ff86130 elementor-widget elementor-widget-text-editor\" data-id=\"4ff86130\" data-element_type=\"widget\" data-widget_type=\"text-editor.default\">\n\t\t\t\t<div class=\"elementor-widget-container\">\n\t\t\t\t\t\t\t<p>A\u00f1o de creaci\u00f3n 2014<\/p>\t\t\t\t\t\t<\/div>\n\t\t\t\t<\/div>\n\t\t<div class=\"elementor-element elementor-element-38b3a72 e-con-full e-flex e-con e-child\" data-id=\"38b3a72\" data-element_type=\"container\">\n\t\t\t\t<div class=\"elementor-element elementor-element-803c6eb elementor-widget elementor-widget-image\" data-id=\"803c6eb\" data-element_type=\"widget\" data-widget_type=\"image.default\">\n\t\t\t\t<div class=\"elementor-widget-container\">\n\t\t\t\t\t\t\t\t\t\t\t\t\t<img decoding=\"async\" width=\"129\" height=\"45\" src=\"https:\/\/observatorios.colef.mx\/opomidh\/wp-content\/uploads\/2024\/09\/img-CC.png\" class=\"attachment-full size-full wp-image-7420\" alt=\"\" \/>\t\t\t\t\t\t\t\t\t\t\t\t\t<\/div>\n\t\t\t\t<\/div>\n\t\t\t\t<\/div>\n\t\t\t\t<\/div>\n\t\t<div class=\"elementor-element elementor-element-15b3b131 e-con-full e-flex e-con e-child\" data-id=\"15b3b131\" data-element_type=\"container\">\n\t\t\t\t<div class=\"elementor-element elementor-element-34dfc93c elementor-widget elementor-widget-heading\" data-id=\"34dfc93c\" data-element_type=\"widget\" data-widget_type=\"heading.default\">\n\t\t\t\t<div class=\"elementor-widget-container\">\n\t\t\t<h2 class=\"elementor-heading-title elementor-size-default\">MEN\u00da<\/h2>\t\t<\/div>\n\t\t\t\t<\/div>\n\t\t\t\t<div class=\"elementor-element elementor-element-1b51cb97 elementor-mobile-align-center elementor-icon-list--layout-traditional elementor-list-item-link-full_width elementor-widget elementor-widget-icon-list\" data-id=\"1b51cb97\" data-element_type=\"widget\" data-widget_type=\"icon-list.default\">\n\t\t\t\t<div class=\"elementor-widget-container\">\n\t\t\t\t\t<ul class=\"elementor-icon-list-items\">\n\t\t\t\t\t\t\t<li class=\"elementor-icon-list-item\">\n\t\t\t\t\t\t\t\t\t\t\t<a href=\"https:\/\/observatorios.colef.mx\/opomidh\">\n\n\t\t\t\t\t\t\t\t\t\t\t<span class=\"elementor-icon-list-text\">Inicio<\/span>\n\t\t\t\t\t\t\t\t\t\t\t<\/a>\n\t\t\t\t\t\t\t\t\t<\/li>\n\t\t\t\t\t\t\t\t<li class=\"elementor-icon-list-item\">\n\t\t\t\t\t\t\t\t\t\t\t<a href=\"https:\/\/observatorios.colef.mx\/opomidh\/ejes-tematicos\/politica-migratoria-y-derechos-humanos\/\">\n\n\t\t\t\t\t\t\t\t\t\t\t<span class=\"elementor-icon-list-text\">Ejes tem\u00e1ticos<\/span>\n\t\t\t\t\t\t\t\t\t\t\t<\/a>\n\t\t\t\t\t\t\t\t\t<\/li>\n\t\t\t\t\t\t\t\t<li class=\"elementor-icon-list-item\">\n\t\t\t\t\t\t\t\t\t\t\t<a href=\"https:\/\/observatorios.colef.mx\/opomidh\/sintesis-informativa\/\">\n\n\t\t\t\t\t\t\t\t\t\t\t<span class=\"elementor-icon-list-text\">S\u00edntesis informativa<\/span>\n\t\t\t\t\t\t\t\t\t\t\t<\/a>\n\t\t\t\t\t\t\t\t\t<\/li>\n\t\t\t\t\t\t\t\t<li class=\"elementor-icon-list-item\">\n\t\t\t\t\t\t\t\t\t\t\t<a href=\"https:\/\/observatorios.colef.mx\/opomidh\/recursos-visuales\/\">\n\n\t\t\t\t\t\t\t\t\t\t\t<span class=\"elementor-icon-list-text\">Recursos<\/span>\n\t\t\t\t\t\t\t\t\t\t\t<\/a>\n\t\t\t\t\t\t\t\t\t<\/li>\n\t\t\t\t\t\t\t\t<li class=\"elementor-icon-list-item\">\n\t\t\t\t\t\t\t\t\t\t\t<a href=\"https:\/\/observatorios.colef.mx\/opomidh\/nosotros\/\">\n\n\t\t\t\t\t\t\t\t\t\t\t<span class=\"elementor-icon-list-text\">El OPOMIDH<\/span>\n\t\t\t\t\t\t\t\t\t\t\t<\/a>\n\t\t\t\t\t\t\t\t\t<\/li>\n\t\t\t\t\t\t<\/ul>\n\t\t\t\t<\/div>\n\t\t\t\t<\/div>\n\t\t\t\t<\/div>\n\t\t<div class=\"elementor-element elementor-element-355ebea0 e-con-full e-flex e-con e-child\" data-id=\"355ebea0\" data-element_type=\"container\">\n\t\t\t\t<div class=\"elementor-element elementor-element-5f983ccc elementor-widget elementor-widget-heading\" data-id=\"5f983ccc\" data-element_type=\"widget\" data-widget_type=\"heading.default\">\n\t\t\t\t<div class=\"elementor-widget-container\">\n\t\t\t<h2 class=\"elementor-heading-title elementor-size-default\">ENLACES\n<\/h2>\t\t<\/div>\n\t\t\t\t<\/div>\n\t\t\t\t<div class=\"elementor-element elementor-element-75e828f1 elementor-mobile-align-center elementor-icon-list--layout-traditional elementor-list-item-link-full_width elementor-widget elementor-widget-icon-list\" data-id=\"75e828f1\" data-element_type=\"widget\" data-widget_type=\"icon-list.default\">\n\t\t\t\t<div class=\"elementor-widget-container\">\n\t\t\t\t\t<ul class=\"elementor-icon-list-items\">\n\t\t\t\t\t\t\t<li class=\"elementor-icon-list-item\">\n\t\t\t\t\t\t\t\t\t\t\t<a href=\"https:\/\/observatorios.colef.mx\/opomidh\/wp-content\/uploads\/2024\/11\/Aviso-de-privacidad-Simplificado-Observatorios-2024.pdf\" target=\"_blank\">\n\n\t\t\t\t\t\t\t\t\t\t\t<span class=\"elementor-icon-list-text\">Aviso de privacidad<\/span>\n\t\t\t\t\t\t\t\t\t\t\t<\/a>\n\t\t\t\t\t\t\t\t\t<\/li>\n\t\t\t\t\t\t\t\t<li class=\"elementor-icon-list-item\">\n\t\t\t\t\t\t\t\t\t\t\t<a href=\"https:\/\/observatorios.colef.mx\/opomidh\/wp-content\/uploads\/2024\/11\/Terminos-y-Condiciones-OPC-2024.pdf\" target=\"_blank\">\n\n\t\t\t\t\t\t\t\t\t\t\t<span class=\"elementor-icon-list-text\">Condiciones de uso<\/span>\n\t\t\t\t\t\t\t\t\t\t\t<\/a>\n\t\t\t\t\t\t\t\t\t<\/li>\n\t\t\t\t\t\t\t\t<li class=\"elementor-icon-list-item\">\n\t\t\t\t\t\t\t\t\t\t\t<a href=\"https:\/\/observatorios.colef.mx\/opomidh\/wp-content\/uploads\/2024\/11\/OPOMIDH-Licencia-y-citas.pdf\">\n\n\t\t\t\t\t\t\t\t\t\t\t<span class=\"elementor-icon-list-text\">Licencia y citas<\/span>\n\t\t\t\t\t\t\t\t\t\t\t<\/a>\n\t\t\t\t\t\t\t\t\t<\/li>\n\t\t\t\t\t\t\t\t<li class=\"elementor-icon-list-item\">\n\t\t\t\t\t\t\t\t\t\t\t<a href=\"https:\/\/observatorios.colef.mx\/opomidh\/contacto\/\">\n\n\t\t\t\t\t\t\t\t\t\t\t<span class=\"elementor-icon-list-text\">Contacto<\/span>\n\t\t\t\t\t\t\t\t\t\t\t<\/a>\n\t\t\t\t\t\t\t\t\t<\/li>\n\t\t\t\t\t\t<\/ul>\n\t\t\t\t<\/div>\n\t\t\t\t<\/div>\n\t\t\t\t<\/div>\n\t\t<div class=\"elementor-element elementor-element-267015f8 e-con-full e-flex e-con e-child\" data-id=\"267015f8\" data-element_type=\"container\">\n\t\t\t\t<div class=\"elementor-element elementor-element-5dfef97 elementor-widget elementor-widget-spacer\" data-id=\"5dfef97\" data-element_type=\"widget\" data-widget_type=\"spacer.default\">\n\t\t\t\t<div class=\"elementor-widget-container\">\n\t\t\t\t\t<div class=\"elementor-spacer\">\n\t\t\t<div class=\"elementor-spacer-inner\"><\/div>\n\t\t<\/div>\n\t\t\t\t<\/div>\n\t\t\t\t<\/div>\n\t\t\t\t<div class=\"elementor-element elementor-element-2355e66c elementor-shape-rounded elementor-grid-0 elementor-widget elementor-widget-social-icons\" data-id=\"2355e66c\" data-element_type=\"widget\" data-widget_type=\"social-icons.default\">\n\t\t\t\t<div class=\"elementor-widget-container\">\n\t\t\t\t\t<div class=\"elementor-social-icons-wrapper elementor-grid\">\n\t\t\t\t\t\t\t<span class=\"elementor-grid-item\">\n\t\t\t\t\t<a class=\"elementor-icon elementor-social-icon elementor-social-icon-facebook-f elementor-repeater-item-0d4f6e1\" href=\"https:\/\/www.facebook.com\/ObservatorioColef\" target=\"_blank\">\n\t\t\t\t\t\t<span class=\"elementor-screen-only\">Facebook-f<\/span>\n\t\t\t\t\t\t<svg class=\"e-font-icon-svg e-fab-facebook-f\" viewBox=\"0 0 320 512\" xmlns=\"http:\/\/www.w3.org\/2000\/svg\"><path d=\"M279.14 288l14.22-92.66h-88.91v-60.13c0-25.35 12.42-50.06 52.24-50.06h40.42V6.26S260.43 0 225.36 0c-73.22 0-121.08 44.38-121.08 124.72v70.62H22.89V288h81.39v224h100.17V288z\"><\/path><\/svg>\t\t\t\t\t<\/a>\n\t\t\t\t<\/span>\n\t\t\t\t\t\t\t<span class=\"elementor-grid-item\">\n\t\t\t\t\t<a class=\"elementor-icon elementor-social-icon elementor-social-icon-x-twitter elementor-repeater-item-2d0a3f1\" href=\"https:\/\/x.com\/Observa_Colef\" target=\"_blank\">\n\t\t\t\t\t\t<span class=\"elementor-screen-only\">X-twitter<\/span>\n\t\t\t\t\t\t<svg class=\"e-font-icon-svg e-fab-x-twitter\" viewBox=\"0 0 512 512\" xmlns=\"http:\/\/www.w3.org\/2000\/svg\"><path d=\"M389.2 48h70.6L305.6 224.2 487 464H345L233.7 318.6 106.5 464H35.8L200.7 275.5 26.8 48H172.4L272.9 180.9 389.2 48zM364.4 421.8h39.1L151.1 88h-42L364.4 421.8z\"><\/path><\/svg>\t\t\t\t\t<\/a>\n\t\t\t\t<\/span>\n\t\t\t\t\t\t\t<span class=\"elementor-grid-item\">\n\t\t\t\t\t<a class=\"elementor-icon elementor-social-icon elementor-social-icon-linkedin elementor-repeater-item-b583252\" href=\"#\" target=\"_blank\">\n\t\t\t\t\t\t<span class=\"elementor-screen-only\">Linkedin<\/span>\n\t\t\t\t\t\t<svg class=\"e-font-icon-svg e-fab-linkedin\" viewBox=\"0 0 448 512\" xmlns=\"http:\/\/www.w3.org\/2000\/svg\"><path d=\"M416 32H31.9C14.3 32 0 46.5 0 64.3v383.4C0 465.5 14.3 480 31.9 480H416c17.6 0 32-14.5 32-32.3V64.3c0-17.8-14.4-32.3-32-32.3zM135.4 416H69V202.2h66.5V416zm-33.2-243c-21.3 0-38.5-17.3-38.5-38.5S80.9 96 102.2 96c21.2 0 38.5 17.3 38.5 38.5 0 21.3-17.2 38.5-38.5 38.5zm282.1 243h-66.4V312c0-24.8-.5-56.7-34.5-56.7-34.6 0-39.9 27-39.9 54.9V416h-66.4V202.2h63.7v29.2h.9c8.9-16.8 30.6-34.5 62.9-34.5 67.2 0 79.7 44.3 79.7 101.9V416z\"><\/path><\/svg>\t\t\t\t\t<\/a>\n\t\t\t\t<\/span>\n\t\t\t\t\t<\/div>\n\t\t\t\t<\/div>\n\t\t\t\t<\/div>\n\t\t\t\t<\/div>\n\t\t\t\t\t<\/div>\n\t\t\t\t<\/div>\n\t\t<div class=\"elementor-element elementor-element-671392e6 e-flex e-con-boxed e-con e-parent\" data-id=\"671392e6\" data-element_type=\"container\" data-settings=\"{&quot;background_background&quot;:&quot;classic&quot;}\">\n\t\t\t\t\t<div class=\"e-con-inner\">\n\t\t<div class=\"elementor-element elementor-element-37e27329 e-con-full e-flex e-con e-child\" data-id=\"37e27329\" data-element_type=\"container\">\n\t\t\t\t<div class=\"elementor-element elementor-element-6d19b38d elementor-widget elementor-widget-image\" data-id=\"6d19b38d\" data-element_type=\"widget\" data-widget_type=\"image.default\">\n\t\t\t\t<div class=\"elementor-widget-container\">\n\t\t\t\t\t\t\t\t\t\t\t\t\t<img decoding=\"async\" src=\"https:\/\/observatorios.colef.mx\/opomidh\/wp-content\/uploads\/elementor\/thumbs\/elcolef-1-qumyahhpjcd3vxnvedzs84oxjjr5rwb5rozyqyywrw.png\" title=\"elcolef-1.png\" alt=\"elcolef-1.png\" loading=\"lazy\" \/>\t\t\t\t\t\t\t\t\t\t\t\t\t<\/div>\n\t\t\t\t<\/div>\n\t\t\t\t<\/div>\n\t\t<div class=\"elementor-element elementor-element-16edb0af e-con-full e-flex e-con e-child\" data-id=\"16edb0af\" data-element_type=\"container\">\n\t\t\t\t<div class=\"elementor-element elementor-element-9d8e16b elementor-widget elementor-widget-text-editor\" data-id=\"9d8e16b\" data-element_type=\"widget\" data-widget_type=\"text-editor.default\">\n\t\t\t\t<div class=\"elementor-widget-container\">\n\t\t\t\t\t\t\t<p>Carretera esc\u00e9nica Tijuana-Ensenada, Km 18.5, San Antonio del Mar, 22560 Tijuana, Baja California, M\u00e9xico.<\/p>\t\t\t\t\t\t<\/div>\n\t\t\t\t<\/div>\n\t\t\t\t<\/div>\n\t\t<div class=\"elementor-element elementor-element-a8db760 e-con-full e-flex e-con e-child\" data-id=\"a8db760\" data-element_type=\"container\">\n\t\t\t\t<div class=\"elementor-element elementor-element-bf66cf2 elementor-icon-list--layout-traditional elementor-list-item-link-full_width elementor-widget elementor-widget-icon-list\" data-id=\"bf66cf2\" data-element_type=\"widget\" data-widget_type=\"icon-list.default\">\n\t\t\t\t<div class=\"elementor-widget-container\">\n\t\t\t\t\t<ul class=\"elementor-icon-list-items\">\n\t\t\t\t\t\t\t<li class=\"elementor-icon-list-item\">\n\t\t\t\t\t\t\t\t\t\t\t<span class=\"elementor-icon-list-icon\">\n\t\t\t\t\t\t\t<svg aria-hidden=\"true\" class=\"e-font-icon-svg e-fas-phone-alt\" viewBox=\"0 0 512 512\" xmlns=\"http:\/\/www.w3.org\/2000\/svg\"><path d=\"M497.39 361.8l-112-48a24 24 0 0 0-28 6.9l-49.6 60.6A370.66 370.66 0 0 1 130.6 204.11l60.6-49.6a23.94 23.94 0 0 0 6.9-28l-48-112A24.16 24.16 0 0 0 122.6.61l-104 24A24 24 0 0 0 0 48c0 256.5 207.9 464 464 464a24 24 0 0 0 23.4-18.6l24-104a24.29 24.29 0 0 0-14.01-27.6z\"><\/path><\/svg>\t\t\t\t\t\t<\/span>\n\t\t\t\t\t\t\t\t\t\t<span class=\"elementor-icon-list-text\">664 631 6300 ext. 4023<\/span>\n\t\t\t\t\t\t\t\t\t<\/li>\n\t\t\t\t\t\t\t\t<li class=\"elementor-icon-list-item\">\n\t\t\t\t\t\t\t\t\t\t\t<span class=\"elementor-icon-list-icon\">\n\t\t\t\t\t\t\t<svg aria-hidden=\"true\" class=\"e-font-icon-svg e-fas-mail-bulk\" viewBox=\"0 0 576 512\" xmlns=\"http:\/\/www.w3.org\/2000\/svg\"><path d=\"M160 448c-25.6 0-51.2-22.4-64-32-64-44.8-83.2-60.8-96-70.4V480c0 17.67 14.33 32 32 32h256c17.67 0 32-14.33 32-32V345.6c-12.8 9.6-32 25.6-96 70.4-12.8 9.6-38.4 32-64 32zm128-192H32c-17.67 0-32 14.33-32 32v16c25.6 19.2 22.4 19.2 115.2 86.4 9.6 6.4 28.8 25.6 44.8 25.6s35.2-19.2 44.8-22.4c92.8-67.2 89.6-67.2 115.2-86.4V288c0-17.67-14.33-32-32-32zm256-96H224c-17.67 0-32 14.33-32 32v32h96c33.21 0 60.59 25.42 63.71 57.82l.29-.22V416h192c17.67 0 32-14.33 32-32V192c0-17.67-14.33-32-32-32zm-32 128h-64v-64h64v64zm-352-96c0-35.29 28.71-64 64-64h224V32c0-17.67-14.33-32-32-32H96C78.33 0 64 14.33 64 32v192h96v-32z\"><\/path><\/svg>\t\t\t\t\t\t<\/span>\n\t\t\t\t\t\t\t\t\t\t<span class=\"elementor-icon-list-text\">observamigracionyddhh@colef.mx<\/span>\n\t\t\t\t\t\t\t\t\t<\/li>\n\t\t\t\t\t\t<\/ul>\n\t\t\t\t<\/div>\n\t\t\t\t<\/div>\n\t\t\t\t<\/div>\n\t\t\t\t\t<\/div>\n\t\t\t\t<\/div>\n\t\t<div class=\"elementor-element elementor-element-2a85640 e-flex e-con-boxed e-con e-parent\" data-id=\"2a85640\" data-element_type=\"container\">\n\t\t\t\t\t<div class=\"e-con-inner\">\n\t\t\t\t<div class=\"elementor-element elementor-element-d11503c elementor-widget elementor-widget-qi_addons_for_elementor_separator\" data-id=\"d11503c\" data-element_type=\"widget\" data-widget_type=\"qi_addons_for_elementor_separator.default\">\n\t\t\t\t<div class=\"elementor-widget-container\">\n\t\t\t<div class=\"qodef-shortcode qodef-m  qodef-qi-separator qodef-qi-clear qodef-separator--standard \">\n\t<div class=\"qodef-m-line\"><\/div>\n<\/div>\n\t\t<\/div>\n\t\t\t\t<\/div>\n\t\t\t\t<div class=\"elementor-element elementor-element-1eda8c8 elementor-widget elementor-widget-image\" data-id=\"1eda8c8\" data-element_type=\"widget\" data-widget_type=\"image.default\">\n\t\t\t\t<div class=\"elementor-widget-container\">\n\t\t\t\t\t\t\t\t\t\t\t\t\t<img fetchpriority=\"high\" decoding=\"async\" width=\"768\" height=\"93\" src=\"https:\/\/observatorios.colef.mx\/opomidh\/wp-content\/uploads\/2024\/09\/Logo-pleca-Secihti-H-768x93.png\" class=\"attachment-medium_large size-medium_large wp-image-11668\" alt=\"\" srcset=\"https:\/\/observatorios.colef.mx\/opomidh\/wp-content\/uploads\/2024\/09\/Logo-pleca-Secihti-H-768x93.png 768w, https:\/\/observatorios.colef.mx\/opomidh\/wp-content\/uploads\/2024\/09\/Logo-pleca-Secihti-H-300x36.png 300w, https:\/\/observatorios.colef.mx\/opomidh\/wp-content\/uploads\/2024\/09\/Logo-pleca-Secihti-H-1024x124.png 1024w, https:\/\/observatorios.colef.mx\/opomidh\/wp-content\/uploads\/2024\/09\/Logo-pleca-Secihti-H-1536x186.png 1536w, https:\/\/observatorios.colef.mx\/opomidh\/wp-content\/uploads\/2024\/09\/Logo-pleca-Secihti-H-2048x248.png 2048w\" sizes=\"(max-width: 768px) 100vw, 768px\" \/>\t\t\t\t\t\t\t\t\t\t\t\t\t<\/div>\n\t\t\t\t<\/div>\n\t\t\t\t\t<\/div>\n\t\t\t\t<\/div>\n\t\t\t\t<\/div>\n\t\t<\/div>\n\t\t\t\t<\/div>\n\t\t\t\t<\/div>\n\t\t\t\t<\/div>\n\t\t\t\t<\/div>\n\t\t<div class=\"elementor-element elementor-element-8b29129 e-flex e-con-boxed e-con e-parent\" data-id=\"8b29129\" data-element_type=\"container\">\n\t\t\t\t\t<div class=\"e-con-inner\">\n\t\t\t\t\t<\/div>\n\t\t\t\t<\/div>\n\t\t\t\t<\/div>\n\t\t","protected":false},"excerpt":{"rendered":"<p>cronolog\u00eda: pol\u00edtica migratoria de ee.uu. Y SUs efectos EN LA REGI\u00d3N S\u00cdNTESIS SEMANAL del 22 al 28 de abril PANORAMA MIGRATORIO Por el OPOMIDH28 de abril de 2026 Migraci\u00f3n en tr\u00e1nsito Se mostr\u00f3 una reconfiguraci\u00f3n de la migraci\u00f3n en tr\u00e1nsito marcada por la persistencia de caravanas, la centralidad de la poblaci\u00f3n haitiana y el aumento [&hellip;]<\/p>\n","protected":false},"author":8,"featured_media":0,"comment_status":"closed","ping_status":"closed","sticky":false,"template":"elementor_header_footer","format":"standard","meta":{"_acf_changed":false,"footnotes":""},"categories":[136],"tags":[],"class_list":["post-48193","post","type-post","status-publish","format-standard","hentry","category-sintesis-diaria"],"acf":[],"_links":{"self":[{"href":"https:\/\/observatorios.colef.mx\/opomidh\/wp-json\/wp\/v2\/posts\/48193","targetHints":{"allow":["GET"]}}],"collection":[{"href":"https:\/\/observatorios.colef.mx\/opomidh\/wp-json\/wp\/v2\/posts"}],"about":[{"href":"https:\/\/observatorios.colef.mx\/opomidh\/wp-json\/wp\/v2\/types\/post"}],"author":[{"embeddable":true,"href":"https:\/\/observatorios.colef.mx\/opomidh\/wp-json\/wp\/v2\/users\/8"}],"replies":[{"embeddable":true,"href":"https:\/\/observatorios.colef.mx\/opomidh\/wp-json\/wp\/v2\/comments?post=48193"}],"version-history":[{"count":57,"href":"https:\/\/observatorios.colef.mx\/opomidh\/wp-json\/wp\/v2\/posts\/48193\/revisions"}],"predecessor-version":[{"id":48270,"href":"https:\/\/observatorios.colef.mx\/opomidh\/wp-json\/wp\/v2\/posts\/48193\/revisions\/48270"}],"wp:attachment":[{"href":"https:\/\/observatorios.colef.mx\/opomidh\/wp-json\/wp\/v2\/media?parent=48193"}],"wp:term":[{"taxonomy":"category","embeddable":true,"href":"https:\/\/observatorios.colef.mx\/opomidh\/wp-json\/wp\/v2\/categories?post=48193"},{"taxonomy":"post_tag","embeddable":true,"href":"https:\/\/observatorios.colef.mx\/opomidh\/wp-json\/wp\/v2\/tags?post=48193"}],"curies":[{"name":"wp","href":"https:\/\/api.w.org\/{rel}","templated":true}]}}