{"id":27915,"date":"2025-07-08T13:59:35","date_gmt":"2025-07-08T20:59:35","guid":{"rendered":"https:\/\/observatorios.colef.mx\/opomidh\/?p=27915"},"modified":"2025-07-08T14:03:33","modified_gmt":"2025-07-08T21:03:33","slug":"atacan-centro","status":"publish","type":"post","link":"https:\/\/observatorios.colef.mx\/opomidh\/2025\/07\/08\/atacan-centro\/","title":{"rendered":"Atacan centro de detenci\u00f3n de inmigrantes en Texas; hay diez detenidos"},"content":{"rendered":"\t\t<div data-elementor-type=\"wp-post\" data-elementor-id=\"27915\" class=\"elementor elementor-27915\" data-elementor-post-type=\"post\">\n\t\t\t\t<div class=\"elementor-element elementor-element-6e4c961 e-flex e-con-boxed e-con e-parent\" data-id=\"6e4c961\" data-element_type=\"container\">\n\t\t\t\t\t<div class=\"e-con-inner\">\n\t\t\t\t<div class=\"elementor-element elementor-element-57c640e elementor-widget elementor-widget-heading\" data-id=\"57c640e\" data-element_type=\"widget\" data-widget_type=\"heading.default\">\n\t\t\t\t<div class=\"elementor-widget-container\">\n\t\t\t<h3 class=\"elementor-heading-title elementor-size-default\">Atacan centro de detenci\u00f3n de inmigrantes en Texas; hay diez detenidos<\/h3>\t\t<\/div>\n\t\t\t\t<\/div>\n\t\t\t\t<div class=\"elementor-element elementor-element-22e19f14 elementor-widget elementor-widget-text-editor\" data-id=\"22e19f14\" data-element_type=\"widget\" data-widget_type=\"text-editor.default\">\n\t\t\t\t<div class=\"elementor-widget-container\">\n\t\t\t\t\t\t\t<div class=\"qodef-e-text\"><div class=\"elementor elementor-9171\" data-elementor-type=\"wp-post\" data-elementor-id=\"9171\" data-elementor-post-type=\"post\"><div class=\"elementor-element elementor-element-4963959d e-flex e-con-boxed e-con e-parent e-lazyloaded\" data-id=\"4963959d\" data-element_type=\"container\"><div class=\"e-con-inner\"><div class=\"elementor-element elementor-element-3b07f09e elementor-widget elementor-widget-text-editor\" data-id=\"3b07f09e\" data-element_type=\"widget\" data-widget_type=\"text-editor.default\"><div class=\"elementor-widget-container\">Por A.P \/ Informador<\/div><div class=\"elementor-widget-container\">8 de julio de 2025\u00a0<\/div><\/div><\/div><\/div><\/div><\/div><div class=\"qodef-e-bottom-holder\"><div class=\"qodef-e-left qodef-e-info\"><div class=\"qodef-e-info-item qodef-info--social-share\"><div class=\"qodef-shortcode qodef-m qodef-social-share clear qodef-layout--dropdown qodef-dropdown--right\">\u00a0<\/div><\/div><\/div><\/div>\t\t\t\t\t\t<\/div>\n\t\t\t\t<\/div>\n\t\t\t\t<div class=\"elementor-element elementor-element-ad439d2 elementor-widget elementor-widget-text-editor\" data-id=\"ad439d2\" data-element_type=\"widget\" data-widget_type=\"text-editor.default\">\n\t\t\t\t<div class=\"elementor-widget-container\">\n\t\t\t\t\t\t\t<p>Texas.-Personas vestidas con uniformes negros al estilo militar\u00a0dispararon contra autoridades fuera de un centro de detenci\u00f3n de inmigrantes en Texas\u00a0en un acto que un fiscal de Estados Unidos calific\u00f3 de \u00abemboscada planificada\u00bb.\u00a0Diez personas han sido arrestadas y hay un polic\u00eda herido. El oficial fue herido en el cuello el viernes despu\u00e9s de presentarse en el\u00a0Centro de Detenci\u00f3n Prairieland en Alvarado. Fue tratado en un hospital y dado de alta, inform\u00f3 el departamento de polic\u00eda del condado Johnson.<\/p><p>[&#8230;]Dos oficiales de correcciones desarmados salieron del centro de detenci\u00f3n para hablar con el grupo. En alg\u00fan momento, el polic\u00eda de Alvarado lleg\u00f3 y fue baleado por alguien que estaba en el bosque, declar\u00f3 Larson. \u00abOtro agresor, que estaba al otro lado de la calle, lejos de los oficiales de correcciones, dispar\u00f3 entre 20 y 30 balazos contra estos oficiales de correcciones desarmados\u00bb, se\u00f1al\u00f3. \u00abSe encontr\u00f3 un rifle tipo AR en la escena\u00bb que estaba atascado, agreg\u00f3.\u00a0<\/p>\t\t\t\t\t\t<\/div>\n\t\t\t\t<\/div>\n\t\t\t\t<div class=\"elementor-element elementor-element-6e8c7d3 elementor-widget elementor-widget-button\" data-id=\"6e8c7d3\" data-element_type=\"widget\" data-widget_type=\"button.default\">\n\t\t\t\t<div class=\"elementor-widget-container\">\n\t\t\t\t\t<div class=\"elementor-button-wrapper\">\n\t\t\t<a class=\"elementor-button elementor-button-link elementor-size-sm\" href=\"https:\/\/www.informador.mx\/amp\/internacional\/Emboscan-con-tiroteo-a-centro-de-detencion-de-inmigrantes-en-Texas-hay-diez-detenidos-20250708-0060.html\" target=\"_blank\">\n\t\t\t\t\t\t<span class=\"elementor-button-content-wrapper\">\n\t\t\t\t\t\t\t\t\t<span class=\"elementor-button-text\">Ver nota<\/span>\n\t\t\t\t\t<\/span>\n\t\t\t\t\t<\/a>\n\t\t<\/div>\n\t\t\t\t<\/div>\n\t\t\t\t<\/div>\n\t\t\t\t\t<\/div>\n\t\t\t\t<\/div>\n\t\t<div class=\"elementor-element elementor-element-02619d2 e-con-full e-flex e-con e-parent\" data-id=\"02619d2\" data-element_type=\"container\">\n\t\t<div class=\"elementor-element elementor-element-0dfd19d e-con-full e-flex e-con e-child\" data-id=\"0dfd19d\" data-element_type=\"container\">\n\t\t\t\t<div class=\"elementor-element elementor-element-1eeed82 elementor-widget elementor-widget-shortcode\" data-id=\"1eeed82\" data-element_type=\"widget\" data-widget_type=\"shortcode.default\">\n\t\t\t\t<div class=\"elementor-widget-container\">\n\t\t\t\t\t<div class=\"elementor-shortcode\">\t\t<div data-elementor-type=\"section\" data-elementor-id=\"7418\" class=\"elementor elementor-7418\" data-elementor-post-type=\"elementor_library\">\n\t\t\t<div class=\"elementor-element elementor-element-4db2b2cc e-flex e-con-boxed e-con e-parent\" data-id=\"4db2b2cc\" data-element_type=\"container\" data-settings=\"{&quot;background_background&quot;:&quot;classic&quot;}\">\n\t\t\t\t\t<div class=\"e-con-inner\">\n\t\t<div class=\"elementor-element elementor-element-2db807c5 e-con-full e-flex e-con e-child\" data-id=\"2db807c5\" data-element_type=\"container\">\n\t\t\t\t<div class=\"elementor-element elementor-element-402cea03 elementor-widget__width-inherit elementor-widget elementor-widget-image\" data-id=\"402cea03\" data-element_type=\"widget\" data-widget_type=\"image.default\">\n\t\t\t\t<div class=\"elementor-widget-container\">\n\t\t\t\t\t\t\t\t\t\t\t\t\t<img decoding=\"async\" width=\"250\" height=\"65\" src=\"https:\/\/observatorios.colef.mx\/opomidh\/wp-content\/uploads\/2024\/09\/1.png\" class=\"attachment-full size-full wp-image-7156\" alt=\"\" \/>\t\t\t\t\t\t\t\t\t\t\t\t\t<\/div>\n\t\t\t\t<\/div>\n\t\t\t\t<div class=\"elementor-element elementor-element-4ff86130 elementor-widget elementor-widget-text-editor\" data-id=\"4ff86130\" data-element_type=\"widget\" data-widget_type=\"text-editor.default\">\n\t\t\t\t<div class=\"elementor-widget-container\">\n\t\t\t\t\t\t\t<p>A\u00f1o de creaci\u00f3n 2014<\/p>\t\t\t\t\t\t<\/div>\n\t\t\t\t<\/div>\n\t\t<div class=\"elementor-element elementor-element-38b3a72 e-con-full e-flex e-con e-child\" data-id=\"38b3a72\" data-element_type=\"container\">\n\t\t\t\t<div class=\"elementor-element elementor-element-803c6eb elementor-widget elementor-widget-image\" data-id=\"803c6eb\" data-element_type=\"widget\" data-widget_type=\"image.default\">\n\t\t\t\t<div class=\"elementor-widget-container\">\n\t\t\t\t\t\t\t\t\t\t\t\t\t<img decoding=\"async\" width=\"129\" height=\"45\" src=\"https:\/\/observatorios.colef.mx\/opomidh\/wp-content\/uploads\/2024\/09\/img-CC.png\" class=\"attachment-full size-full wp-image-7420\" alt=\"\" \/>\t\t\t\t\t\t\t\t\t\t\t\t\t<\/div>\n\t\t\t\t<\/div>\n\t\t\t\t<\/div>\n\t\t\t\t<\/div>\n\t\t<div class=\"elementor-element elementor-element-15b3b131 e-con-full e-flex e-con e-child\" data-id=\"15b3b131\" data-element_type=\"container\">\n\t\t\t\t<div class=\"elementor-element elementor-element-34dfc93c elementor-widget elementor-widget-heading\" data-id=\"34dfc93c\" data-element_type=\"widget\" data-widget_type=\"heading.default\">\n\t\t\t\t<div class=\"elementor-widget-container\">\n\t\t\t<h2 class=\"elementor-heading-title elementor-size-default\">MEN\u00da<\/h2>\t\t<\/div>\n\t\t\t\t<\/div>\n\t\t\t\t<div class=\"elementor-element elementor-element-1b51cb97 elementor-mobile-align-center elementor-icon-list--layout-traditional elementor-list-item-link-full_width elementor-widget elementor-widget-icon-list\" data-id=\"1b51cb97\" data-element_type=\"widget\" data-widget_type=\"icon-list.default\">\n\t\t\t\t<div class=\"elementor-widget-container\">\n\t\t\t\t\t<ul class=\"elementor-icon-list-items\">\n\t\t\t\t\t\t\t<li class=\"elementor-icon-list-item\">\n\t\t\t\t\t\t\t\t\t\t\t<a href=\"https:\/\/observatorios.colef.mx\/opomidh\">\n\n\t\t\t\t\t\t\t\t\t\t\t<span class=\"elementor-icon-list-text\">Inicio<\/span>\n\t\t\t\t\t\t\t\t\t\t\t<\/a>\n\t\t\t\t\t\t\t\t\t<\/li>\n\t\t\t\t\t\t\t\t<li class=\"elementor-icon-list-item\">\n\t\t\t\t\t\t\t\t\t\t\t<a href=\"https:\/\/observatorios.colef.mx\/opomidh\/ejes-tematicos\/politica-migratoria-y-derechos-humanos\/\">\n\n\t\t\t\t\t\t\t\t\t\t\t<span class=\"elementor-icon-list-text\">Ejes tem\u00e1ticos<\/span>\n\t\t\t\t\t\t\t\t\t\t\t<\/a>\n\t\t\t\t\t\t\t\t\t<\/li>\n\t\t\t\t\t\t\t\t<li class=\"elementor-icon-list-item\">\n\t\t\t\t\t\t\t\t\t\t\t<a href=\"https:\/\/observatorios.colef.mx\/opomidh\/sintesis-informativa\/\">\n\n\t\t\t\t\t\t\t\t\t\t\t<span class=\"elementor-icon-list-text\">S\u00edntesis informativa<\/span>\n\t\t\t\t\t\t\t\t\t\t\t<\/a>\n\t\t\t\t\t\t\t\t\t<\/li>\n\t\t\t\t\t\t\t\t<li class=\"elementor-icon-list-item\">\n\t\t\t\t\t\t\t\t\t\t\t<a href=\"https:\/\/observatorios.colef.mx\/opomidh\/recursos-visuales\/\">\n\n\t\t\t\t\t\t\t\t\t\t\t<span class=\"elementor-icon-list-text\">Recursos<\/span>\n\t\t\t\t\t\t\t\t\t\t\t<\/a>\n\t\t\t\t\t\t\t\t\t<\/li>\n\t\t\t\t\t\t\t\t<li class=\"elementor-icon-list-item\">\n\t\t\t\t\t\t\t\t\t\t\t<a href=\"https:\/\/observatorios.colef.mx\/opomidh\/nosotros\/\">\n\n\t\t\t\t\t\t\t\t\t\t\t<span class=\"elementor-icon-list-text\">El OPOMIDH<\/span>\n\t\t\t\t\t\t\t\t\t\t\t<\/a>\n\t\t\t\t\t\t\t\t\t<\/li>\n\t\t\t\t\t\t<\/ul>\n\t\t\t\t<\/div>\n\t\t\t\t<\/div>\n\t\t\t\t<\/div>\n\t\t<div class=\"elementor-element elementor-element-355ebea0 e-con-full e-flex e-con e-child\" data-id=\"355ebea0\" data-element_type=\"container\">\n\t\t\t\t<div class=\"elementor-element elementor-element-5f983ccc elementor-widget elementor-widget-heading\" data-id=\"5f983ccc\" data-element_type=\"widget\" data-widget_type=\"heading.default\">\n\t\t\t\t<div class=\"elementor-widget-container\">\n\t\t\t<h2 class=\"elementor-heading-title elementor-size-default\">ENLACES\n<\/h2>\t\t<\/div>\n\t\t\t\t<\/div>\n\t\t\t\t<div class=\"elementor-element elementor-element-75e828f1 elementor-mobile-align-center elementor-icon-list--layout-traditional elementor-list-item-link-full_width elementor-widget elementor-widget-icon-list\" data-id=\"75e828f1\" data-element_type=\"widget\" data-widget_type=\"icon-list.default\">\n\t\t\t\t<div class=\"elementor-widget-container\">\n\t\t\t\t\t<ul class=\"elementor-icon-list-items\">\n\t\t\t\t\t\t\t<li class=\"elementor-icon-list-item\">\n\t\t\t\t\t\t\t\t\t\t\t<a href=\"https:\/\/observatorios.colef.mx\/opomidh\/wp-content\/uploads\/2024\/11\/Aviso-de-privacidad-Simplificado-Observatorios-2024.pdf\" target=\"_blank\">\n\n\t\t\t\t\t\t\t\t\t\t\t<span class=\"elementor-icon-list-text\">Aviso de privacidad<\/span>\n\t\t\t\t\t\t\t\t\t\t\t<\/a>\n\t\t\t\t\t\t\t\t\t<\/li>\n\t\t\t\t\t\t\t\t<li class=\"elementor-icon-list-item\">\n\t\t\t\t\t\t\t\t\t\t\t<a href=\"https:\/\/observatorios.colef.mx\/opomidh\/wp-content\/uploads\/2024\/11\/Terminos-y-Condiciones-OPC-2024.pdf\" target=\"_blank\">\n\n\t\t\t\t\t\t\t\t\t\t\t<span class=\"elementor-icon-list-text\">Condiciones de uso<\/span>\n\t\t\t\t\t\t\t\t\t\t\t<\/a>\n\t\t\t\t\t\t\t\t\t<\/li>\n\t\t\t\t\t\t\t\t<li class=\"elementor-icon-list-item\">\n\t\t\t\t\t\t\t\t\t\t\t<a href=\"https:\/\/observatorios.colef.mx\/opomidh\/wp-content\/uploads\/2024\/11\/OPOMIDH-Licencia-y-citas.pdf\">\n\n\t\t\t\t\t\t\t\t\t\t\t<span class=\"elementor-icon-list-text\">Licencia y citas<\/span>\n\t\t\t\t\t\t\t\t\t\t\t<\/a>\n\t\t\t\t\t\t\t\t\t<\/li>\n\t\t\t\t\t\t\t\t<li class=\"elementor-icon-list-item\">\n\t\t\t\t\t\t\t\t\t\t\t<a href=\"https:\/\/observatorios.colef.mx\/opomidh\/contacto\/\">\n\n\t\t\t\t\t\t\t\t\t\t\t<span class=\"elementor-icon-list-text\">Contacto<\/span>\n\t\t\t\t\t\t\t\t\t\t\t<\/a>\n\t\t\t\t\t\t\t\t\t<\/li>\n\t\t\t\t\t\t<\/ul>\n\t\t\t\t<\/div>\n\t\t\t\t<\/div>\n\t\t\t\t<\/div>\n\t\t<div class=\"elementor-element elementor-element-267015f8 e-con-full e-flex e-con e-child\" data-id=\"267015f8\" data-element_type=\"container\">\n\t\t\t\t<div class=\"elementor-element elementor-element-5dfef97 elementor-widget elementor-widget-spacer\" data-id=\"5dfef97\" data-element_type=\"widget\" data-widget_type=\"spacer.default\">\n\t\t\t\t<div class=\"elementor-widget-container\">\n\t\t\t\t\t<div class=\"elementor-spacer\">\n\t\t\t<div class=\"elementor-spacer-inner\"><\/div>\n\t\t<\/div>\n\t\t\t\t<\/div>\n\t\t\t\t<\/div>\n\t\t\t\t<div class=\"elementor-element elementor-element-2355e66c elementor-shape-rounded elementor-grid-0 elementor-widget elementor-widget-social-icons\" data-id=\"2355e66c\" data-element_type=\"widget\" data-widget_type=\"social-icons.default\">\n\t\t\t\t<div class=\"elementor-widget-container\">\n\t\t\t\t\t<div class=\"elementor-social-icons-wrapper elementor-grid\">\n\t\t\t\t\t\t\t<span class=\"elementor-grid-item\">\n\t\t\t\t\t<a class=\"elementor-icon elementor-social-icon elementor-social-icon-facebook-f elementor-repeater-item-0d4f6e1\" href=\"https:\/\/www.facebook.com\/ObservatorioColef\" target=\"_blank\">\n\t\t\t\t\t\t<span class=\"elementor-screen-only\">Facebook-f<\/span>\n\t\t\t\t\t\t<svg class=\"e-font-icon-svg e-fab-facebook-f\" viewBox=\"0 0 320 512\" xmlns=\"http:\/\/www.w3.org\/2000\/svg\"><path d=\"M279.14 288l14.22-92.66h-88.91v-60.13c0-25.35 12.42-50.06 52.24-50.06h40.42V6.26S260.43 0 225.36 0c-73.22 0-121.08 44.38-121.08 124.72v70.62H22.89V288h81.39v224h100.17V288z\"><\/path><\/svg>\t\t\t\t\t<\/a>\n\t\t\t\t<\/span>\n\t\t\t\t\t\t\t<span class=\"elementor-grid-item\">\n\t\t\t\t\t<a class=\"elementor-icon elementor-social-icon elementor-social-icon-x-twitter elementor-repeater-item-2d0a3f1\" href=\"https:\/\/x.com\/Observa_Colef\" target=\"_blank\">\n\t\t\t\t\t\t<span class=\"elementor-screen-only\">X-twitter<\/span>\n\t\t\t\t\t\t<svg class=\"e-font-icon-svg e-fab-x-twitter\" viewBox=\"0 0 512 512\" xmlns=\"http:\/\/www.w3.org\/2000\/svg\"><path d=\"M389.2 48h70.6L305.6 224.2 487 464H345L233.7 318.6 106.5 464H35.8L200.7 275.5 26.8 48H172.4L272.9 180.9 389.2 48zM364.4 421.8h39.1L151.1 88h-42L364.4 421.8z\"><\/path><\/svg>\t\t\t\t\t<\/a>\n\t\t\t\t<\/span>\n\t\t\t\t\t\t\t<span class=\"elementor-grid-item\">\n\t\t\t\t\t<a class=\"elementor-icon elementor-social-icon elementor-social-icon-linkedin elementor-repeater-item-b583252\" href=\"#\" target=\"_blank\">\n\t\t\t\t\t\t<span class=\"elementor-screen-only\">Linkedin<\/span>\n\t\t\t\t\t\t<svg class=\"e-font-icon-svg e-fab-linkedin\" viewBox=\"0 0 448 512\" xmlns=\"http:\/\/www.w3.org\/2000\/svg\"><path d=\"M416 32H31.9C14.3 32 0 46.5 0 64.3v383.4C0 465.5 14.3 480 31.9 480H416c17.6 0 32-14.5 32-32.3V64.3c0-17.8-14.4-32.3-32-32.3zM135.4 416H69V202.2h66.5V416zm-33.2-243c-21.3 0-38.5-17.3-38.5-38.5S80.9 96 102.2 96c21.2 0 38.5 17.3 38.5 38.5 0 21.3-17.2 38.5-38.5 38.5zm282.1 243h-66.4V312c0-24.8-.5-56.7-34.5-56.7-34.6 0-39.9 27-39.9 54.9V416h-66.4V202.2h63.7v29.2h.9c8.9-16.8 30.6-34.5 62.9-34.5 67.2 0 79.7 44.3 79.7 101.9V416z\"><\/path><\/svg>\t\t\t\t\t<\/a>\n\t\t\t\t<\/span>\n\t\t\t\t\t<\/div>\n\t\t\t\t<\/div>\n\t\t\t\t<\/div>\n\t\t\t\t<\/div>\n\t\t\t\t\t<\/div>\n\t\t\t\t<\/div>\n\t\t<div class=\"elementor-element elementor-element-671392e6 e-flex e-con-boxed e-con e-parent\" data-id=\"671392e6\" data-element_type=\"container\" data-settings=\"{&quot;background_background&quot;:&quot;classic&quot;}\">\n\t\t\t\t\t<div class=\"e-con-inner\">\n\t\t<div class=\"elementor-element elementor-element-37e27329 e-con-full e-flex e-con e-child\" data-id=\"37e27329\" data-element_type=\"container\">\n\t\t\t\t<div class=\"elementor-element elementor-element-6d19b38d elementor-widget elementor-widget-image\" data-id=\"6d19b38d\" data-element_type=\"widget\" data-widget_type=\"image.default\">\n\t\t\t\t<div class=\"elementor-widget-container\">\n\t\t\t\t\t\t\t\t\t\t\t\t\t<img decoding=\"async\" src=\"https:\/\/observatorios.colef.mx\/opomidh\/wp-content\/uploads\/elementor\/thumbs\/elcolef-1-qumyahhpjcd3vxnvedzs84oxjjr5rwb5rozyqyywrw.png\" title=\"elcolef-1.png\" alt=\"elcolef-1.png\" loading=\"lazy\" \/>\t\t\t\t\t\t\t\t\t\t\t\t\t<\/div>\n\t\t\t\t<\/div>\n\t\t\t\t<\/div>\n\t\t<div class=\"elementor-element elementor-element-16edb0af e-con-full e-flex e-con e-child\" data-id=\"16edb0af\" data-element_type=\"container\">\n\t\t\t\t<div class=\"elementor-element elementor-element-9d8e16b elementor-widget elementor-widget-text-editor\" data-id=\"9d8e16b\" data-element_type=\"widget\" data-widget_type=\"text-editor.default\">\n\t\t\t\t<div class=\"elementor-widget-container\">\n\t\t\t\t\t\t\t<p>Carretera esc\u00e9nica Tijuana-Ensenada, Km 18.5, San Antonio del Mar, 22560 Tijuana, Baja California, M\u00e9xico.<\/p>\t\t\t\t\t\t<\/div>\n\t\t\t\t<\/div>\n\t\t\t\t<\/div>\n\t\t<div class=\"elementor-element elementor-element-a8db760 e-con-full e-flex e-con e-child\" data-id=\"a8db760\" data-element_type=\"container\">\n\t\t\t\t<div class=\"elementor-element elementor-element-bf66cf2 elementor-icon-list--layout-traditional elementor-list-item-link-full_width elementor-widget elementor-widget-icon-list\" data-id=\"bf66cf2\" data-element_type=\"widget\" data-widget_type=\"icon-list.default\">\n\t\t\t\t<div class=\"elementor-widget-container\">\n\t\t\t\t\t<ul class=\"elementor-icon-list-items\">\n\t\t\t\t\t\t\t<li class=\"elementor-icon-list-item\">\n\t\t\t\t\t\t\t\t\t\t\t<span class=\"elementor-icon-list-icon\">\n\t\t\t\t\t\t\t<svg aria-hidden=\"true\" class=\"e-font-icon-svg e-fas-phone-alt\" viewBox=\"0 0 512 512\" xmlns=\"http:\/\/www.w3.org\/2000\/svg\"><path d=\"M497.39 361.8l-112-48a24 24 0 0 0-28 6.9l-49.6 60.6A370.66 370.66 0 0 1 130.6 204.11l60.6-49.6a23.94 23.94 0 0 0 6.9-28l-48-112A24.16 24.16 0 0 0 122.6.61l-104 24A24 24 0 0 0 0 48c0 256.5 207.9 464 464 464a24 24 0 0 0 23.4-18.6l24-104a24.29 24.29 0 0 0-14.01-27.6z\"><\/path><\/svg>\t\t\t\t\t\t<\/span>\n\t\t\t\t\t\t\t\t\t\t<span class=\"elementor-icon-list-text\">664 631 6300 ext. 4023<\/span>\n\t\t\t\t\t\t\t\t\t<\/li>\n\t\t\t\t\t\t\t\t<li class=\"elementor-icon-list-item\">\n\t\t\t\t\t\t\t\t\t\t\t<span class=\"elementor-icon-list-icon\">\n\t\t\t\t\t\t\t<svg aria-hidden=\"true\" class=\"e-font-icon-svg e-fas-mail-bulk\" viewBox=\"0 0 576 512\" xmlns=\"http:\/\/www.w3.org\/2000\/svg\"><path d=\"M160 448c-25.6 0-51.2-22.4-64-32-64-44.8-83.2-60.8-96-70.4V480c0 17.67 14.33 32 32 32h256c17.67 0 32-14.33 32-32V345.6c-12.8 9.6-32 25.6-96 70.4-12.8 9.6-38.4 32-64 32zm128-192H32c-17.67 0-32 14.33-32 32v16c25.6 19.2 22.4 19.2 115.2 86.4 9.6 6.4 28.8 25.6 44.8 25.6s35.2-19.2 44.8-22.4c92.8-67.2 89.6-67.2 115.2-86.4V288c0-17.67-14.33-32-32-32zm256-96H224c-17.67 0-32 14.33-32 32v32h96c33.21 0 60.59 25.42 63.71 57.82l.29-.22V416h192c17.67 0 32-14.33 32-32V192c0-17.67-14.33-32-32-32zm-32 128h-64v-64h64v64zm-352-96c0-35.29 28.71-64 64-64h224V32c0-17.67-14.33-32-32-32H96C78.33 0 64 14.33 64 32v192h96v-32z\"><\/path><\/svg>\t\t\t\t\t\t<\/span>\n\t\t\t\t\t\t\t\t\t\t<span class=\"elementor-icon-list-text\">observamigracionyddhh@colef.mx<\/span>\n\t\t\t\t\t\t\t\t\t<\/li>\n\t\t\t\t\t\t<\/ul>\n\t\t\t\t<\/div>\n\t\t\t\t<\/div>\n\t\t\t\t<\/div>\n\t\t\t\t\t<\/div>\n\t\t\t\t<\/div>\n\t\t<div class=\"elementor-element elementor-element-2a85640 e-flex e-con-boxed e-con e-parent\" data-id=\"2a85640\" data-element_type=\"container\">\n\t\t\t\t\t<div class=\"e-con-inner\">\n\t\t\t\t<div class=\"elementor-element elementor-element-d11503c elementor-widget elementor-widget-qi_addons_for_elementor_separator\" data-id=\"d11503c\" data-element_type=\"widget\" data-widget_type=\"qi_addons_for_elementor_separator.default\">\n\t\t\t\t<div class=\"elementor-widget-container\">\n\t\t\t<div class=\"qodef-shortcode qodef-m  qodef-qi-separator qodef-qi-clear qodef-separator--standard \">\n\t<div class=\"qodef-m-line\"><\/div>\n<\/div>\n\t\t<\/div>\n\t\t\t\t<\/div>\n\t\t\t\t<div class=\"elementor-element elementor-element-1eda8c8 elementor-widget elementor-widget-image\" data-id=\"1eda8c8\" data-element_type=\"widget\" data-widget_type=\"image.default\">\n\t\t\t\t<div class=\"elementor-widget-container\">\n\t\t\t\t\t\t\t\t\t\t\t\t\t<img fetchpriority=\"high\" decoding=\"async\" width=\"768\" height=\"93\" src=\"https:\/\/observatorios.colef.mx\/opomidh\/wp-content\/uploads\/2024\/09\/Logo-pleca-Secihti-H-768x93.png\" class=\"attachment-medium_large size-medium_large wp-image-11668\" alt=\"\" srcset=\"https:\/\/observatorios.colef.mx\/opomidh\/wp-content\/uploads\/2024\/09\/Logo-pleca-Secihti-H-768x93.png 768w, https:\/\/observatorios.colef.mx\/opomidh\/wp-content\/uploads\/2024\/09\/Logo-pleca-Secihti-H-300x36.png 300w, https:\/\/observatorios.colef.mx\/opomidh\/wp-content\/uploads\/2024\/09\/Logo-pleca-Secihti-H-1024x124.png 1024w, https:\/\/observatorios.colef.mx\/opomidh\/wp-content\/uploads\/2024\/09\/Logo-pleca-Secihti-H-1536x186.png 1536w, https:\/\/observatorios.colef.mx\/opomidh\/wp-content\/uploads\/2024\/09\/Logo-pleca-Secihti-H-2048x248.png 2048w\" sizes=\"(max-width: 768px) 100vw, 768px\" \/>\t\t\t\t\t\t\t\t\t\t\t\t\t<\/div>\n\t\t\t\t<\/div>\n\t\t\t\t\t<\/div>\n\t\t\t\t<\/div>\n\t\t\t\t<\/div>\n\t\t<\/div>\n\t\t\t\t<\/div>\n\t\t\t\t<\/div>\n\t\t\t\t<\/div>\n\t\t\t\t<\/div>\n\t\t\t\t<\/div>\n\t\t","protected":false},"excerpt":{"rendered":"<p>Atacan centro de detenci\u00f3n de inmigrantes en Texas; hay diez detenidos Por A.P \/ Informador8 de julio de 2025 Texas.-Personas vestidas con uniformes negros al estilo militar\u00a0dispararon contra autoridades fuera de un centro de detenci\u00f3n de inmigrantes en Texas\u00a0en un acto que un fiscal de Estados Unidos calific\u00f3 de \u00abemboscada planificada\u00bb.\u00a0Diez personas han sido arrestadas [&hellip;]<\/p>\n","protected":false},"author":8,"featured_media":0,"comment_status":"closed","ping_status":"closed","sticky":false,"template":"elementor_header_footer","format":"standard","meta":{"_acf_changed":false,"footnotes":""},"categories":[136],"tags":[954,970,271,1136,994],"class_list":["post-27915","post","type-post","status-publish","format-standard","hentry","category-sintesis-diaria","tag-crimigracion","tag-control-fronterizo","tag-control-migratorio","tag-resistencia","tag-securitizacion"],"acf":[],"_links":{"self":[{"href":"https:\/\/observatorios.colef.mx\/opomidh\/wp-json\/wp\/v2\/posts\/27915","targetHints":{"allow":["GET"]}}],"collection":[{"href":"https:\/\/observatorios.colef.mx\/opomidh\/wp-json\/wp\/v2\/posts"}],"about":[{"href":"https:\/\/observatorios.colef.mx\/opomidh\/wp-json\/wp\/v2\/types\/post"}],"author":[{"embeddable":true,"href":"https:\/\/observatorios.colef.mx\/opomidh\/wp-json\/wp\/v2\/users\/8"}],"replies":[{"embeddable":true,"href":"https:\/\/observatorios.colef.mx\/opomidh\/wp-json\/wp\/v2\/comments?post=27915"}],"version-history":[{"count":5,"href":"https:\/\/observatorios.colef.mx\/opomidh\/wp-json\/wp\/v2\/posts\/27915\/revisions"}],"predecessor-version":[{"id":27945,"href":"https:\/\/observatorios.colef.mx\/opomidh\/wp-json\/wp\/v2\/posts\/27915\/revisions\/27945"}],"wp:attachment":[{"href":"https:\/\/observatorios.colef.mx\/opomidh\/wp-json\/wp\/v2\/media?parent=27915"}],"wp:term":[{"taxonomy":"category","embeddable":true,"href":"https:\/\/observatorios.colef.mx\/opomidh\/wp-json\/wp\/v2\/categories?post=27915"},{"taxonomy":"post_tag","embeddable":true,"href":"https:\/\/observatorios.colef.mx\/opomidh\/wp-json\/wp\/v2\/tags?post=27915"}],"curies":[{"name":"wp","href":"https:\/\/api.w.org\/{rel}","templated":true}]}}